{"id":64045,"date":"2024-03-07T07:25:05","date_gmt":"2024-03-07T11:25:05","guid":{"rendered":"https:\/\/jms.com.bo\/mediamonitor\/2024\/03\/07\/evistas-y-opositores-frenan-los-creditos-en-el-senado\/"},"modified":"2024-03-07T07:25:05","modified_gmt":"2024-03-07T11:25:05","slug":"evistas-y-opositores-frenan-los-creditos-en-el-senado","status":"publish","type":"post","link":"https:\/\/jms.com.bo\/mediamonitor\/2024\/03\/07\/evistas-y-opositores-frenan-los-creditos-en-el-senado\/","title":{"rendered":"Evistas y opositores frenan los cr\u00e9ditos en el Senado"},"content":{"rendered":"<p style=\"text-align: justify;\">Contin\u00faa el tira y afloja en el Legislativo. El Senado aprob\u00f3 este mi\u00e9rcoles una declaraci\u00f3n camaral que exhorta al vicepresidente David Choquehuanca a convocar al pleno para tratar los proyectos de ley antipr\u00f3rroga y dej\u00f3 en la congeladora los cr\u00e9ditos externos del Gobierno por \u201cfalta de documentaci\u00f3n adicional\u201d.<\/p>\n<p style=\"text-align: justify;\">El \u2018arcismo\u2019 advirti\u00f3 que, si el Senado no aprueba los siete cr\u00e9ditos externos, no dar\u00e1 curso al tratamiento de los proyectos de ley 073 y 705 en la C\u00e1mara de Diputados, mientras que el \u2018evismo\u2019, en el mismo tono, avis\u00f3 que insistir\u00e1 en que se cumpa el acuerdo del pasado 2 de febrero y que aprueben de la manera prioritaria los proyectos de ley antipr\u00f3rroga.<\/p>\n<p style=\"text-align: justify;\">El senador Rub\u00e9n Guti\u00e9rrez (MAS) pregunt\u00f3 al presidente del Senado, Andr\u00f3nico Rodr\u00edguez (MAS), por qu\u00e9 los cr\u00e9ditos externos del Gobierno no estaban en el orden del d\u00eda de la sesi\u00f3n de este mi\u00e9rcoles. \u201cBueno, falta alguna documentaci\u00f3n adicional\u201d, respondi\u00f3 el legislador \u2018evista\u2019.<\/p>\n<p style=\"text-align: justify;\">Agreg\u00f3 que tambi\u00e9n faltaba un informe de la Secretar\u00eda General de la C\u00e1mara de Diputados. \u201cEsperemos que se concrete hasta m\u00e1s tarde y que a partir de ma\u00f1ana (este jueves) pueda iniciarse el tratamiento, de acuerdo a procedimiento\u201d, explic\u00f3.<\/p>\n<p style=\"text-align: justify;\">Tras tratar otras normas, el pleno aprob\u00f3 una declaraci\u00f3n camaral que \u201cexhorta\u201d a Choquehuanca a que convoque a sesi\u00f3n ordinaria de la Asamblea Legislativa Plurinacional para tratar los proyectos de Ley 073 (suspensi\u00f3n de plazos procesales) y 075 (Ley para restablecer la plena vigencia de los art\u00edculos 183, 188 III, 194 III y 200 de la Constituci\u00f3n Pol\u00edtica del Estado).<\/p>\n<p style=\"text-align: justify;\">Tras conocerse esa decisi\u00f3n, el presidente de la Comisi\u00f3n de Constituci\u00f3n en Diputados, el \u2018arcista\u2019 Juan Jos\u00e9 J\u00e1uregui (MAS), critic\u00f3 la postura del Senado. \u201cEs una pena (&#8230;): se siguen priorizando temas absolutamente pol\u00edticos\u201d, reaccion\u00f3.<\/p>\n<p style=\"text-align: justify;\">Seg\u00fan el legislador, los informes sobre los cr\u00e9ditos internacionales fueron remitidos al Senado el 4 de marzo, por lo que hab\u00eda el tiempo suficiente para incluirlos en el orden del d\u00eda de este mi\u00e9rcoles. \u201cEn estas condiciones, entretanto no nos aprueben los siete proyectos de ley de la agenda econ\u00f3mica, no se inicia el tratamiento de los proyectos de ley 073 y 075 (en la C\u00e1mara de Diputados\u201d, advirti\u00f3.<\/p>\n<p style=\"text-align: justify;\">Seg\u00fan la declaraci\u00f3n camaral del Senado, al haberse vencido el plazo para que la C\u00e1mara de Diputados se pronunciara sobre esas normas, lo que corresponde que pasen al pleno de la Asamblea.<\/p>\n<p style=\"text-align: justify;\">El senador evista Freddy Mamani (MAS), por su parte, reiter\u00f3 que \u201cprimero vamos a exigir el (cumplimiento del compromiso\u201d de la comisi\u00f3n bicameral del pasado 2 de agosto, es decir, la aprobaci\u00f3n de los proyectos de Ley 073 y 075 y luego el tratamiento de los cr\u00e9ditos. Adem\u00e1s, record\u00f3 que el Senado tiene 15 d\u00edas para pronunciarse sobre los cr\u00e9ditos y agreg\u00f3 que \u201chay que evaluar si cumplen con la parte t\u00e9cnica y legal\u201d y si estos fueron aprobados, conforme a los procedimientos legislativos.<\/p>\n","protected":false},"excerpt":{"rendered":"<p>Contin\u00faa el tira y afloja en el Legislativo. El Senado aprob\u00f3 este mi\u00e9rcoles una declaraci\u00f3n camaral que exhorta al vicepresidente David Choquehuanca a convocar al pleno para tratar los proyectos de ley antipr\u00f3rroga y dej\u00f3 en la congeladora los cr\u00e9ditos externos del Gobierno por \u201cfalta de documentaci\u00f3n adicional\u201d. El \u2018arcismo\u2019 advirti\u00f3 que, si el Senado [&hellip;]<\/p>\n","protected":false},"author":4,"featured_media":64046,"comment_status":"open","ping_status":"closed","sticky":false,"template":"","format":"standard","meta":{"footnotes":""},"categories":[18,48,46],"tags":[],"class_list":{"0":"post-64045","1":"post","2":"type-post","3":"status-publish","4":"format-standard","5":"has-post-thumbnail","7":"category-politica","8":"category-portada-general-sitio","9":"category-portada-politica"},"_links":{"self":[{"href":"https:\/\/jms.com.bo\/mediamonitor\/wp-json\/wp\/v2\/posts\/64045","targetHints":{"allow":["GET"]}}],"collection":[{"href":"https:\/\/jms.com.bo\/mediamonitor\/wp-json\/wp\/v2\/posts"}],"about":[{"href":"https:\/\/jms.com.bo\/mediamonitor\/wp-json\/wp\/v2\/types\/post"}],"author":[{"embeddable":true,"href":"https:\/\/jms.com.bo\/mediamonitor\/wp-json\/wp\/v2\/users\/4"}],"replies":[{"embeddable":true,"href":"https:\/\/jms.com.bo\/mediamonitor\/wp-json\/wp\/v2\/comments?post=64045"}],"version-history":[{"count":0,"href":"https:\/\/jms.com.bo\/mediamonitor\/wp-json\/wp\/v2\/posts\/64045\/revisions"}],"wp:featuredmedia":[{"embeddable":true,"href":"https:\/\/jms.com.bo\/mediamonitor\/wp-json\/wp\/v2\/media\/64046"}],"wp:attachment":[{"href":"https:\/\/jms.com.bo\/mediamonitor\/wp-json\/wp\/v2\/media?parent=64045"}],"wp:term":[{"taxonomy":"category","embeddable":true,"href":"https:\/\/jms.com.bo\/mediamonitor\/wp-json\/wp\/v2\/categories?post=64045"},{"taxonomy":"post_tag","embeddable":true,"href":"https:\/\/jms.com.bo\/mediamonitor\/wp-json\/wp\/v2\/tags?post=64045"}],"curies":[{"name":"wp","href":"https:\/\/api.w.org\/{rel}","templated":true}]}}