{"id":64051,"date":"2024-03-07T07:29:14","date_gmt":"2024-03-07T11:29:14","guid":{"rendered":"https:\/\/jms.com.bo\/mediamonitor\/2024\/03\/07\/cnc-considera-que-el-alza-salarial-deberia-ser-solo-de-2-conforme-a-la-inflacion\/"},"modified":"2024-03-07T07:29:14","modified_gmt":"2024-03-07T11:29:14","slug":"cnc-considera-que-el-alza-salarial-deberia-ser-solo-de-2-conforme-a-la-inflacion","status":"publish","type":"post","link":"https:\/\/jms.com.bo\/mediamonitor\/2024\/03\/07\/cnc-considera-que-el-alza-salarial-deberia-ser-solo-de-2-conforme-a-la-inflacion\/","title":{"rendered":"CNC considera que el alza salarial deber\u00eda ser s\u00f3lo de 2% conforme a la inflaci\u00f3n"},"content":{"rendered":"<p style=\"text-align: justify;\">La C\u00e1mara Nacional de Comercio (CNC) manifest\u00f3 que la discusi\u00f3n de un incremento salarial deber\u00eda ser de un m\u00e1ximo de 2 por ciento y anunci\u00f3 que el sector empresarial espera reunirse con el Gobierno de forma \u201cbilateral\u201d, como lo hace la COB.<\/p>\n<p style=\"text-align: justify;\">La COB demand\u00f3 al Gobierno un incremento del 8 por ciento al salario m\u00ednimo y 7 por ciento al b\u00e1sico.<\/p>\n<p style=\"text-align: justify;\">El ministro de Econom\u00eda, Marcelo Montenegro, manifest\u00f3 que las comisiones para tratar este pedido ser\u00e1n instaladas manteniendo \u201cel mismo formato\u201d que en a\u00f1os atr\u00e1s, esto cuando se le consult\u00f3 si existir\u00eda un di\u00e1logo tripartito: COB, empresarios y Gobierno.<\/p>\n<p style=\"text-align: justify;\">\u00c9ste es el pedido del sector empresarial desde hace varios a\u00f1os, una demanda que hasta el momento no ha sido aceptada, a pesar de los encuentros que el Gobierno ha tenido recientemente con los privados para aplicar medidas que mitiguen la crisis econ\u00f3mica.<\/p>\n<p style=\"text-align: justify;\">Al respecto, el presidente de la CNC, Jaime Ascarrunz, manifest\u00f3 que continuar\u00e1n haciendo este pedido, pero a\u00f1adi\u00f3: \u201cEsperamos que en alg\u00fan momento tambi\u00e9n seamos convocados por el Gobierno como empresarios para manifestar nuestras preocupaciones y tratar de llegar a un acuerdo, as\u00ed sea de forma tambi\u00e9n bilateral. Pero reitero, como empresarios, preferimos cuidar el empleo que pensar en incrementos salariales\u201d.<\/p>\n<p style=\"text-align: justify;\">Sobre el porcentaje de incremento exigido por la COB, dijo que se deber\u00eda hablar de \u201cun m\u00e1ximo de 2 por ciento, porque 2 por ciento es lo que se ha perdido el a\u00f1o pasado. Y para recuperar el valor adquisitivo tendr\u00edamos que entrar m\u00e1ximo en un 2 por ciento. Tenemos una serie de problemas desde la pandemia y a\u00fan no hemos podido recuperarnos\u201d.<\/p>\n<p style=\"text-align: justify;\">El a\u00f1o 2023 cerr\u00f3 con una inflaci\u00f3n del 2,12 por ciento, seg\u00fan datos del INE.<\/p>\n<p style=\"text-align: justify;\">El martes, el presidente de la CNI, Pablo Camacho, expres\u00f3 que \u201clas condiciones internacionales y nacionales no son las mejores, as\u00ed que yo creo que \u00e9ste es el mejor momento para fomentar el empleo y no asfixiarlo\u201d.<\/p>\n<p style=\"text-align: justify;\">El Gobierno ya inici\u00f3 reuniones con la COB para planificar las mesas de trabajo que tratar\u00e1n el incremento salarial (el cual ser\u00e1 anunciado el 1 de mayo) y la legislaci\u00f3n sobre la jubilaci\u00f3n y las pensiones.<\/p>\n","protected":false},"excerpt":{"rendered":"<p>La C\u00e1mara Nacional de Comercio (CNC) manifest\u00f3 que la discusi\u00f3n de un incremento salarial deber\u00eda ser de un m\u00e1ximo de 2 por ciento y anunci\u00f3 que el sector empresarial espera reunirse con el Gobierno de forma \u201cbilateral\u201d, como lo hace la COB. La COB demand\u00f3 al Gobierno un incremento del 8 por ciento al salario [&hellip;]<\/p>\n","protected":false},"author":4,"featured_media":64052,"comment_status":"open","ping_status":"closed","sticky":false,"template":"","format":"standard","meta":{"footnotes":""},"categories":[25],"tags":[],"class_list":{"0":"post-64051","1":"post","2":"type-post","3":"status-publish","4":"format-standard","5":"has-post-thumbnail","7":"category-economia"},"_links":{"self":[{"href":"https:\/\/jms.com.bo\/mediamonitor\/wp-json\/wp\/v2\/posts\/64051","targetHints":{"allow":["GET"]}}],"collection":[{"href":"https:\/\/jms.com.bo\/mediamonitor\/wp-json\/wp\/v2\/posts"}],"about":[{"href":"https:\/\/jms.com.bo\/mediamonitor\/wp-json\/wp\/v2\/types\/post"}],"author":[{"embeddable":true,"href":"https:\/\/jms.com.bo\/mediamonitor\/wp-json\/wp\/v2\/users\/4"}],"replies":[{"embeddable":true,"href":"https:\/\/jms.com.bo\/mediamonitor\/wp-json\/wp\/v2\/comments?post=64051"}],"version-history":[{"count":0,"href":"https:\/\/jms.com.bo\/mediamonitor\/wp-json\/wp\/v2\/posts\/64051\/revisions"}],"wp:featuredmedia":[{"embeddable":true,"href":"https:\/\/jms.com.bo\/mediamonitor\/wp-json\/wp\/v2\/media\/64052"}],"wp:attachment":[{"href":"https:\/\/jms.com.bo\/mediamonitor\/wp-json\/wp\/v2\/media?parent=64051"}],"wp:term":[{"taxonomy":"category","embeddable":true,"href":"https:\/\/jms.com.bo\/mediamonitor\/wp-json\/wp\/v2\/categories?post=64051"},{"taxonomy":"post_tag","embeddable":true,"href":"https:\/\/jms.com.bo\/mediamonitor\/wp-json\/wp\/v2\/tags?post=64051"}],"curies":[{"name":"wp","href":"https:\/\/api.w.org\/{rel}","templated":true}]}}