{"id":64057,"date":"2024-03-07T07:33:21","date_gmt":"2024-03-07T11:33:21","guid":{"rendered":"https:\/\/jms.com.bo\/mediamonitor\/2024\/03\/07\/electrificacion-ejecutivo-y-comision-confrontados\/"},"modified":"2024-03-07T07:33:21","modified_gmt":"2024-03-07T11:33:21","slug":"electrificacion-ejecutivo-y-comision-confrontados","status":"publish","type":"post","link":"https:\/\/jms.com.bo\/mediamonitor\/2024\/03\/07\/electrificacion-ejecutivo-y-comision-confrontados\/","title":{"rendered":"Electrificaci\u00f3n: Ejecutivo y Comisi\u00f3n confrontados"},"content":{"rendered":"<p style=\"text-align: justify;\">Frente a la preocupaci\u00f3n expuesta el martes por la Comisi\u00f3n de Hidrocarburos, Energ\u00eda y Miner\u00eda de la Asamblea Departamental de Chuquisaca sobre los proyectos de electrificaci\u00f3n Las Estrellas y Cant\u00f3n Sauces, que se ejecutan en el Chaco chuquisaque\u00f1o, el Ejecutivo departamental sali\u00f3 al frente a defender sus acciones y denunciar una intencionalidad pol\u00edtica detr\u00e1s de los cuestionamientos.<\/p>\n<p style=\"text-align: justify;\">El martes, en una reuni\u00f3n de emergencia en la Federaci\u00f3n de Trabajadores Campesinos del Chaco chuquisaque\u00f1o, la Comisi\u00f3n de Hidrocarburos de la ALD, liderada por Ricardo Z\u00e1rate y Teresa Aruchari, junto con la asamble\u00edsta Cledys Cerezo, de la provincia Hernando Siles, se reunieron con la diputada Blanca L\u00f3pez, autoridades y beneficiarios de ambos proyectos.<\/p>\n<p style=\"text-align: justify;\">Emitieron dos resoluciones que instan al secretario departamental de Hidrocarburos, Miner\u00eda y Electrificaci\u00f3n, Iv\u00e1n Reynaga, y a la jefa de Electrificaci\u00f3n, Marlene Callaguara, a presentarse en Monteagudo el 8 de marzo de 2024 para abordar t\u00e9cnicamente los proyectos.<\/p>\n<p style=\"text-align: justify;\">R\u00c9PLICA Y PROYECTOS<\/p>\n<p style=\"text-align: justify;\">En respuesta, Reynaga convoc\u00f3 a una conferencia de prensa para informar sobre el avance de estos y otros proyectos de electrificaci\u00f3n rural que se ejecutan en Chuquisaca.<\/p>\n<p style=\"text-align: justify;\">Sobre el proyecto Las Estrellas, explic\u00f3 que corresponde a un barrio de la ciudad de Monteagudo, con una inversi\u00f3n de Bs 270.000.<\/p>\n<p style=\"text-align: justify;\">\u201cLamentablemente ya lo hemos licitado m\u00e1s de ocho veces, en las primeras seis nadie se present\u00f3 porque el proyecto estaba mal dise\u00f1ado, por lo que tuvimos que redise\u00f1arlo porque solo estaba dise\u00f1ado en su etapa de media tensi\u00f3n y estaba totalmente deficiente en la parte t\u00e9cnica\u201d, sostuvo.<\/p>\n<p style=\"text-align: justify;\">Una vez concluido el redise\u00f1o, el a\u00f1o pasado se volvi\u00f3 a licitar en dos oportunidades, sin \u00e9xito. Incidi\u00f3 la situaci\u00f3n econ\u00f3mica del pa\u00eds, con sobresaltos desde comienzos del 2023 por la escasez de d\u00f3lares y otros factores. Sin embargo, este 2024 se retom\u00f3 el proyecto.<\/p>\n<p style=\"text-align: justify;\">Sobre el Cant\u00f3n Sauces, un proyecto antiguo heredado del Ministerio de Hidrocarburos y Energ\u00eda, dijo que tiene un 85% de ejecuci\u00f3n en su fase I. \u201cY la fase II hemos quedado que vamos a colaborar en la conversi\u00f3n del estudio a dise\u00f1o final, que tiene el formato de la Gobernaci\u00f3n, al formato MEPER del Ministerio de Energ\u00eda\u201d, sostuvo.<\/p>\n<p style=\"text-align: justify;\">Reynaga se mostr\u00f3 extra\u00f1ado por los cuestionamientos, pues toda la informaci\u00f3n ya fue dada a conocer a las organizaciones sociales.<\/p>\n<p style=\"text-align: justify;\">\u201cA partir de ahora todo se est\u00e1 volviendo pol\u00edtico y nosotros no vamos a permitir que la parte pol\u00edtica se meta con la parte t\u00e9cnica. Hemos tenido reuniones con todos los movimientos sociales que est\u00e1n haciendo el seguimiento y fiscalizaci\u00f3n\u201d, recalc\u00f3 la autoridad departamental.<\/p>\n<p style=\"text-align: justify;\">COBERTURA<\/p>\n<p style=\"text-align: justify;\">La cobertura de electrificaci\u00f3n en Chuquisaca ascendi\u00f3 de casi el 40%, en 2021, a cerca del 70%, hasta la fecha, gracias al programa \u201cCero Mecheros\u201d, seg\u00fan datos de la Secretar\u00eda de Hidrocarburos, Miner\u00eda y Energ\u00eda de la Gobernaci\u00f3n de Chuquisaca.<\/p>\n","protected":false},"excerpt":{"rendered":"<p>Frente a la preocupaci\u00f3n expuesta el martes por la Comisi\u00f3n de Hidrocarburos, Energ\u00eda y Miner\u00eda de la Asamblea Departamental de Chuquisaca sobre los proyectos de electrificaci\u00f3n Las Estrellas y Cant\u00f3n Sauces, que se ejecutan en el Chaco chuquisaque\u00f1o, el Ejecutivo departamental sali\u00f3 al frente a defender sus acciones y denunciar una intencionalidad pol\u00edtica detr\u00e1s de [&hellip;]<\/p>\n","protected":false},"author":4,"featured_media":63734,"comment_status":"open","ping_status":"closed","sticky":false,"template":"","format":"standard","meta":{"footnotes":""},"categories":[39],"tags":[],"class_list":{"0":"post-64057","1":"post","2":"type-post","3":"status-publish","4":"format-standard","5":"has-post-thumbnail","7":"category-energia"},"_links":{"self":[{"href":"https:\/\/jms.com.bo\/mediamonitor\/wp-json\/wp\/v2\/posts\/64057","targetHints":{"allow":["GET"]}}],"collection":[{"href":"https:\/\/jms.com.bo\/mediamonitor\/wp-json\/wp\/v2\/posts"}],"about":[{"href":"https:\/\/jms.com.bo\/mediamonitor\/wp-json\/wp\/v2\/types\/post"}],"author":[{"embeddable":true,"href":"https:\/\/jms.com.bo\/mediamonitor\/wp-json\/wp\/v2\/users\/4"}],"replies":[{"embeddable":true,"href":"https:\/\/jms.com.bo\/mediamonitor\/wp-json\/wp\/v2\/comments?post=64057"}],"version-history":[{"count":0,"href":"https:\/\/jms.com.bo\/mediamonitor\/wp-json\/wp\/v2\/posts\/64057\/revisions"}],"wp:featuredmedia":[{"embeddable":true,"href":"https:\/\/jms.com.bo\/mediamonitor\/wp-json\/wp\/v2\/media\/63734"}],"wp:attachment":[{"href":"https:\/\/jms.com.bo\/mediamonitor\/wp-json\/wp\/v2\/media?parent=64057"}],"wp:term":[{"taxonomy":"category","embeddable":true,"href":"https:\/\/jms.com.bo\/mediamonitor\/wp-json\/wp\/v2\/categories?post=64057"},{"taxonomy":"post_tag","embeddable":true,"href":"https:\/\/jms.com.bo\/mediamonitor\/wp-json\/wp\/v2\/tags?post=64057"}],"curies":[{"name":"wp","href":"https:\/\/api.w.org\/{rel}","templated":true}]}}