{"id":64058,"date":"2024-03-07T07:34:34","date_gmt":"2024-03-07T11:34:34","guid":{"rendered":"https:\/\/jms.com.bo\/mediamonitor\/2024\/03\/07\/bolivia-tiene-mayores-problemas-que-la-caida-del-precio-del-litio-segun-analistas\/"},"modified":"2024-03-07T07:34:34","modified_gmt":"2024-03-07T11:34:34","slug":"bolivia-tiene-mayores-problemas-que-la-caida-del-precio-del-litio-segun-analistas","status":"publish","type":"post","link":"https:\/\/jms.com.bo\/mediamonitor\/2024\/03\/07\/bolivia-tiene-mayores-problemas-que-la-caida-del-precio-del-litio-segun-analistas\/","title":{"rendered":"Bolivia tiene mayores problemas que la ca\u00edda del precio del litio, seg\u00fan analistas"},"content":{"rendered":"<p style=\"text-align: justify;\">Bolivia tiene obst\u00e1culos m\u00e1s importantes en la actualidad que la ca\u00edda del precio del litio, seg\u00fan analistas del sector. El desplome de un 84 por ciento en el precio internacional de este recurso sin duda afecta a los emprendimientos que se realizan en el pa\u00eds en esta \u00e1rea; sin embargo, primero se debe cuantificar reservas, probar que la EDL funciona, pasar por fases piloto y arrancar con la producci\u00f3n industrial, un proceso que a\u00fan podr\u00eda llevar varios a\u00f1os.<\/p>\n<p style=\"text-align: justify;\">El investigador del Centro de Documentaci\u00f3n e Informaci\u00f3n Bolivia (Cedib) Gonzalo Mondaca manifest\u00f3 que \u201clos precios son un problema, pero el problema m\u00e1s grave es conocer las reservas de litio que tiene el pa\u00eds (cantidad comercialmente explotable) y no s\u00f3lo los recursos (cantidad de litio existente, que se estima en 23 millones de toneladas)\u201d.<\/p>\n<p style=\"text-align: justify;\">El precio del litio pas\u00f3 de un pico de 83 mil d\u00f3lares la tonelada en 2022 a 13 mil d\u00f3lares en 2023. Esto podr\u00eda explicarse al aumento en el uso del sodio como alternativa para los coches el\u00e9ctricos y el hallazgo de m\u00e1s recursos en otras partes del mundo, se\u00f1al\u00f3 el investigador.<\/p>\n<p style=\"text-align: justify;\">El especialista en la materia Jorge Espinoza indic\u00f3 que \u201cocurri\u00f3 que el litio no es un recurso tan escaso como se pensaba y se comenzaron a encontraron yacimientos en diversas partes del mundo\u201d.<\/p>\n<p style=\"text-align: justify;\">Pero adem\u00e1s del problema del precio y de la certificaci\u00f3n de recursos, en el pa\u00eds a\u00fan se batalla con la dificultad de la provisi\u00f3n de agua para el funcionamiento de las plantas de extracci\u00f3n de litio, as\u00ed como el impacto ambiental que esto tendr\u00e1.<\/p>\n<p style=\"text-align: justify;\">Asimismo, a\u00fan se realizan pruebas para producci\u00f3n piloto con EDL, a\u00f1adi\u00f3 Mondaca.<\/p>\n<p style=\"text-align: justify;\">El ministro de Econom\u00eda, Marcelo Montenegro, manifest\u00f3 que el precio del litio \u201ces fluctuante\u201d, por lo que no afectar\u00eda a los planes que se tienen.<\/p>\n<p style=\"text-align: justify;\">\u201cEso es fluctuante, no es un descenso definitivo, sino que son fluctuaciones c\u00edclicas del precio del litio que no deber\u00eda tener que ver con la perspectiva de mediano plazo\u201d, manifest\u00f3.<\/p>\n<p style=\"text-align: justify;\">Se solicit\u00f3 su punto de vista a YLB sobre esta situaci\u00f3n, pero hasta el cierre de esta edici\u00f3n no se recibi\u00f3 una respuesta.<\/p>\n<p style=\"text-align: justify;\">YLB gestiona alianzas en Europa<\/p>\n<p style=\"text-align: justify;\">La empresa estatal YLB ha tenido acercamientos con potenciales socios europeos en su campa\u00f1a por desarrollar la industria del litio.<\/p>\n<p style=\"text-align: justify;\">A fines de febrero, YLB firm\u00f3 un acuerdo con el Bureau de Recherches G\u00e9ologiques et Mini\u00e8res (BRGM), de Francia, para el estudio de los recursos hidrol\u00f3gicos en los salares de Bolivia.<\/p>\n<p style=\"text-align: justify;\">La presidenta de esta compa\u00f1\u00eda estatal, Karla Calder\u00f3n, viaj\u00f3 a B\u00e9lgica y Francia con el fin de difundir la convocatoria p\u00fablica para que empresas apliquen la EDL en el pa\u00eds.<\/p>\n","protected":false},"excerpt":{"rendered":"<p>Bolivia tiene obst\u00e1culos m\u00e1s importantes en la actualidad que la ca\u00edda del precio del litio, seg\u00fan analistas del sector. El desplome de un 84 por ciento en el precio internacional de este recurso sin duda afecta a los emprendimientos que se realizan en el pa\u00eds en esta \u00e1rea; sin embargo, primero se debe cuantificar reservas, [&hellip;]<\/p>\n","protected":false},"author":4,"featured_media":64059,"comment_status":"open","ping_status":"closed","sticky":false,"template":"","format":"standard","meta":{"footnotes":""},"categories":[39,44,48],"tags":[],"class_list":{"0":"post-64058","1":"post","2":"type-post","3":"status-publish","4":"format-standard","5":"has-post-thumbnail","7":"category-energia","8":"category-portada-energia","9":"category-portada-general-sitio"},"_links":{"self":[{"href":"https:\/\/jms.com.bo\/mediamonitor\/wp-json\/wp\/v2\/posts\/64058","targetHints":{"allow":["GET"]}}],"collection":[{"href":"https:\/\/jms.com.bo\/mediamonitor\/wp-json\/wp\/v2\/posts"}],"about":[{"href":"https:\/\/jms.com.bo\/mediamonitor\/wp-json\/wp\/v2\/types\/post"}],"author":[{"embeddable":true,"href":"https:\/\/jms.com.bo\/mediamonitor\/wp-json\/wp\/v2\/users\/4"}],"replies":[{"embeddable":true,"href":"https:\/\/jms.com.bo\/mediamonitor\/wp-json\/wp\/v2\/comments?post=64058"}],"version-history":[{"count":0,"href":"https:\/\/jms.com.bo\/mediamonitor\/wp-json\/wp\/v2\/posts\/64058\/revisions"}],"wp:featuredmedia":[{"embeddable":true,"href":"https:\/\/jms.com.bo\/mediamonitor\/wp-json\/wp\/v2\/media\/64059"}],"wp:attachment":[{"href":"https:\/\/jms.com.bo\/mediamonitor\/wp-json\/wp\/v2\/media?parent=64058"}],"wp:term":[{"taxonomy":"category","embeddable":true,"href":"https:\/\/jms.com.bo\/mediamonitor\/wp-json\/wp\/v2\/categories?post=64058"},{"taxonomy":"post_tag","embeddable":true,"href":"https:\/\/jms.com.bo\/mediamonitor\/wp-json\/wp\/v2\/tags?post=64058"}],"curies":[{"name":"wp","href":"https:\/\/api.w.org\/{rel}","templated":true}]}}