{"id":64060,"date":"2024-03-07T07:36:16","date_gmt":"2024-03-07T11:36:16","guid":{"rendered":"https:\/\/jms.com.bo\/mediamonitor\/2024\/03\/07\/preven-concluir-construccion-de-la-planta-de-biodiesel-ii-en-el-alto-el-cuarto-trimestre-de-este-ano\/"},"modified":"2024-03-07T07:36:16","modified_gmt":"2024-03-07T11:36:16","slug":"preven-concluir-construccion-de-la-planta-de-biodiesel-ii-en-el-alto-el-cuarto-trimestre-de-este-ano","status":"publish","type":"post","link":"https:\/\/jms.com.bo\/mediamonitor\/2024\/03\/07\/preven-concluir-construccion-de-la-planta-de-biodiesel-ii-en-el-alto-el-cuarto-trimestre-de-este-ano\/","title":{"rendered":"Prev\u00e9n concluir construcci\u00f3n de la Planta de Biodiesel II en El Alto el cuarto trimestre de este a\u00f1o"},"content":{"rendered":"<p style=\"text-align: justify;\">El presidente Luis Arce inform\u00f3 este mi\u00e9rcoles que la construcci\u00f3n de la Planta de Biodi\u00e9sel II avanza a paso firme, por lo que se prev\u00e9 concluir el cuarto trimestre del presente a\u00f1o.<\/p>\n<p style=\"text-align: justify;\">\u201cQuerido pueblo alte\u00f1o, la ejecuci\u00f3n de la Planta de Biodiesel II \u2018H\u00e9roes de Senkata\u2019 a avanza a paso firme, y se tiene previsto concluir el \u00faltimo trimestre de la presente gesti\u00f3n\u201d, dijo durante la Sesi\u00f3n de Honor por el 39 aniversario del municipio de El Alto.<\/p>\n<p style=\"text-align: justify;\">En la oportunidad record\u00f3 que este importante proyecto se construye con el objetivo de consolidar la industrializaci\u00f3n en el sector y reducir gradualmente las importaciones de di\u00e9sel o\u00edl.<\/p>\n<p style=\"text-align: justify;\">La factor\u00eda contar\u00e1 con la capacidad de producci\u00f3n de 1.500 barriles de biodiesel por d\u00eda, lo cual permitir\u00e1 disminuir las importaciones de di\u00e9sel o\u00edl y, por ende, la subvenci\u00f3n a este combustible, evitando la salida de divisas.<\/p>\n<p style=\"text-align: justify;\">La construcci\u00f3n de la Planta de Biodiesel II \u201cH\u00e9roes de Senkata\u201d, en el Distrito 8 de El Alto, inici\u00f3 el 6 de marzo de 2023, con una inversi\u00f3n de Bs 278,4 millones. Se trata de una industria que generar\u00e1 500 empleos directos y 860 indirectos.<\/p>\n<p style=\"text-align: justify;\">La factor\u00eda, cuya entidad ejecutora es YPFB Refinaci\u00f3n, tambi\u00e9n producir\u00e1 productos derivados del aceite vegetal, como la glicerina, un elemento esencial para la industria cosm\u00e9tica y farmac\u00e9utica, de acuerdo con los datos oficiales.<\/p>\n","protected":false},"excerpt":{"rendered":"<p>El presidente Luis Arce inform\u00f3 este mi\u00e9rcoles que la construcci\u00f3n de la Planta de Biodi\u00e9sel II avanza a paso firme, por lo que se prev\u00e9 concluir el cuarto trimestre del presente a\u00f1o. \u201cQuerido pueblo alte\u00f1o, la ejecuci\u00f3n de la Planta de Biodiesel II \u2018H\u00e9roes de Senkata\u2019 a avanza a paso firme, y se tiene previsto [&hellip;]<\/p>\n","protected":false},"author":4,"featured_media":64062,"comment_status":"open","ping_status":"closed","sticky":false,"template":"","format":"standard","meta":{"footnotes":""},"categories":[40,23],"tags":[],"class_list":{"0":"post-64060","1":"post","2":"type-post","3":"status-publish","4":"format-standard","5":"has-post-thumbnail","7":"category-bolivia","8":"category-hidrocarburos"},"_links":{"self":[{"href":"https:\/\/jms.com.bo\/mediamonitor\/wp-json\/wp\/v2\/posts\/64060","targetHints":{"allow":["GET"]}}],"collection":[{"href":"https:\/\/jms.com.bo\/mediamonitor\/wp-json\/wp\/v2\/posts"}],"about":[{"href":"https:\/\/jms.com.bo\/mediamonitor\/wp-json\/wp\/v2\/types\/post"}],"author":[{"embeddable":true,"href":"https:\/\/jms.com.bo\/mediamonitor\/wp-json\/wp\/v2\/users\/4"}],"replies":[{"embeddable":true,"href":"https:\/\/jms.com.bo\/mediamonitor\/wp-json\/wp\/v2\/comments?post=64060"}],"version-history":[{"count":0,"href":"https:\/\/jms.com.bo\/mediamonitor\/wp-json\/wp\/v2\/posts\/64060\/revisions"}],"wp:featuredmedia":[{"embeddable":true,"href":"https:\/\/jms.com.bo\/mediamonitor\/wp-json\/wp\/v2\/media\/64062"}],"wp:attachment":[{"href":"https:\/\/jms.com.bo\/mediamonitor\/wp-json\/wp\/v2\/media?parent=64060"}],"wp:term":[{"taxonomy":"category","embeddable":true,"href":"https:\/\/jms.com.bo\/mediamonitor\/wp-json\/wp\/v2\/categories?post=64060"},{"taxonomy":"post_tag","embeddable":true,"href":"https:\/\/jms.com.bo\/mediamonitor\/wp-json\/wp\/v2\/tags?post=64060"}],"curies":[{"name":"wp","href":"https:\/\/api.w.org\/{rel}","templated":true}]}}