{"id":64067,"date":"2024-03-08T07:24:57","date_gmt":"2024-03-08T11:24:57","guid":{"rendered":"https:\/\/jms.com.bo\/mediamonitor\/2024\/03\/08\/refuerzan-campanas-de-salud-contra-el-dengue-y-sarampion-en-la-provincia-cordillera\/"},"modified":"2024-03-08T07:24:57","modified_gmt":"2024-03-08T11:24:57","slug":"refuerzan-campanas-de-salud-contra-el-dengue-y-sarampion-en-la-provincia-cordillera","status":"publish","type":"post","link":"https:\/\/jms.com.bo\/mediamonitor\/2024\/03\/08\/refuerzan-campanas-de-salud-contra-el-dengue-y-sarampion-en-la-provincia-cordillera\/","title":{"rendered":"Refuerzan campa\u00f1as de salud contra el dengue y sarampi\u00f3n en la provincia Cordillera"},"content":{"rendered":"<p style=\"text-align: justify;\">El Servicio Departamental de Salud (Sedes) acudi\u00f3 a los municipios de la provincia Cordillera para reforzar la vacunaci\u00f3n contra el sarampi\u00f3n y equipos para luchar contra el dengue.<\/p>\n<p style=\"text-align: justify;\">Jaime Bilbao, director del Sedes, junto al equipo de Epidemiolog\u00eda, hizo el lanzamiento de la campa\u00f1a de vacunaci\u00f3n contra el sarampi\u00f3n en la Red de Salud Cordillera.<\/p>\n<p style=\"text-align: justify;\">A tiempo de expresar su preocupaci\u00f3n ante la amenaza del retorno de esta enfermedad al departamento, Bilbao se\u00f1al\u00f3 que se est\u00e1 intensificando la vacunaci\u00f3n en las zonas fronterizas, iniciando en Camiri, al ser este el municipio m\u00e1s pr\u00f3ximo a Bermejo &#8211; Tarija, donde se report\u00f3 el primer el caso positivo de Sarampi\u00f3n en una ni\u00f1a no vacunada.<\/p>\n<p style=\"text-align: justify;\">\u201cHemos tenido dos casos sospechosos (de sarampi\u00f3n) en la ciudad de El Alto y dos en Bermejo, los cuales se fueron descartando, tras pruebas de laboratorio. Al momento nos mantenemos solamente con un caso positivo de sarampi\u00f3n, se trata de una menor de siete a\u00f1os, que ya est\u00e1 en periodo de remisi\u00f3n\u201d, inform\u00f3 Mar\u00eda Ren\u00e9e Castro, ministra de Salud, en entrevista con medios de comunicaci\u00f3n de La Paz.<\/p>\n<p style=\"text-align: justify;\">Bilbao subray\u00f3 que Santa Cruz hace m\u00e1s de 20 a\u00f1os no presenta casos de esta enfermedad; sin embargo el equipo de epidemiolog\u00eda estar\u00e1 coordinando con las distintas Redes de salud de la ciudad y las provincias para hacer la vigilancia epidemiol\u00f3gica y el control de la enfermedad.<\/p>\n<p style=\"text-align: justify;\">Castro, de su lado, insisti\u00f3 en que los ni\u00f1os menores de cinco a\u00f1os deben contar con dos dosis de la vacuna SRP (vacuna de Sarampi\u00f3n, Rub\u00e9ola y Parotiditis) y recomend\u00f3 a los padres de familia completar el esquema de vacunaci\u00f3n en el tiempo pertinente.<\/p>\n<p style=\"text-align: justify;\">Dengue<\/p>\n<p style=\"text-align: justify;\">El director del Sedes inform\u00f3 que se entreg\u00f3 a la Red de Salud Cordillera dos equipos de fumigaci\u00f3n que servir\u00e1n para la mitigaci\u00f3n de la lucha contra el dengue.<\/p>\n<p style=\"text-align: justify;\">Asimismo, se entregaron dos computadoras para ayudar a la digitalizaci\u00f3n de la informaci\u00f3n en salud que se maneja desde los centros y hospitales del lugar.<\/p>\n<p style=\"text-align: justify;\">En esa misma l\u00ednea, tambi\u00e9n se refiri\u00f3 a la poblaci\u00f3n para que a trav\u00e9s de la limpieza de sus hogares, se contribuya a la lucha contra el insecto.<\/p>\n","protected":false},"excerpt":{"rendered":"<p>El Servicio Departamental de Salud (Sedes) acudi\u00f3 a los municipios de la provincia Cordillera para reforzar la vacunaci\u00f3n contra el sarampi\u00f3n y equipos para luchar contra el dengue. Jaime Bilbao, director del Sedes, junto al equipo de Epidemiolog\u00eda, hizo el lanzamiento de la campa\u00f1a de vacunaci\u00f3n contra el sarampi\u00f3n en la Red de Salud Cordillera. [&hellip;]<\/p>\n","protected":false},"author":4,"featured_media":64068,"comment_status":"open","ping_status":"closed","sticky":false,"template":"","format":"standard","meta":{"footnotes":""},"categories":[53],"tags":[],"class_list":{"0":"post-64067","1":"post","2":"type-post","3":"status-publish","4":"format-standard","5":"has-post-thumbnail","7":"category-salud"},"_links":{"self":[{"href":"https:\/\/jms.com.bo\/mediamonitor\/wp-json\/wp\/v2\/posts\/64067","targetHints":{"allow":["GET"]}}],"collection":[{"href":"https:\/\/jms.com.bo\/mediamonitor\/wp-json\/wp\/v2\/posts"}],"about":[{"href":"https:\/\/jms.com.bo\/mediamonitor\/wp-json\/wp\/v2\/types\/post"}],"author":[{"embeddable":true,"href":"https:\/\/jms.com.bo\/mediamonitor\/wp-json\/wp\/v2\/users\/4"}],"replies":[{"embeddable":true,"href":"https:\/\/jms.com.bo\/mediamonitor\/wp-json\/wp\/v2\/comments?post=64067"}],"version-history":[{"count":0,"href":"https:\/\/jms.com.bo\/mediamonitor\/wp-json\/wp\/v2\/posts\/64067\/revisions"}],"wp:featuredmedia":[{"embeddable":true,"href":"https:\/\/jms.com.bo\/mediamonitor\/wp-json\/wp\/v2\/media\/64068"}],"wp:attachment":[{"href":"https:\/\/jms.com.bo\/mediamonitor\/wp-json\/wp\/v2\/media?parent=64067"}],"wp:term":[{"taxonomy":"category","embeddable":true,"href":"https:\/\/jms.com.bo\/mediamonitor\/wp-json\/wp\/v2\/categories?post=64067"},{"taxonomy":"post_tag","embeddable":true,"href":"https:\/\/jms.com.bo\/mediamonitor\/wp-json\/wp\/v2\/tags?post=64067"}],"curies":[{"name":"wp","href":"https:\/\/api.w.org\/{rel}","templated":true}]}}