{"id":64071,"date":"2024-03-08T07:28:04","date_gmt":"2024-03-08T11:28:04","guid":{"rendered":"https:\/\/jms.com.bo\/mediamonitor\/2024\/03\/08\/provincia-guarayos-pide-respeto-a-su-territorio-en-su-34-aniversario-de-creacion\/"},"modified":"2024-03-08T07:28:04","modified_gmt":"2024-03-08T11:28:04","slug":"provincia-guarayos-pide-respeto-a-su-territorio-en-su-34-aniversario-de-creacion","status":"publish","type":"post","link":"https:\/\/jms.com.bo\/mediamonitor\/2024\/03\/08\/provincia-guarayos-pide-respeto-a-su-territorio-en-su-34-aniversario-de-creacion\/","title":{"rendered":"Provincia Guarayos pide respeto a su territorio en su 34 aniversario de creaci\u00f3n"},"content":{"rendered":"<p style=\"text-align: justify;\">El mi\u00e9rcoles, 6 de marzo, la provincia Guarayos conmemor\u00f3 34 a\u00f1os de creaci\u00f3n y lo hizo con desfiles c\u00edvicos en sus tres municipios: Ascensi\u00f3n, que es la capital de provincia; Urubich\u00e1 y El Puente.<\/p>\n<p style=\"text-align: justify;\">Pero los actos centrales que contaron con la asistencia de las principales autoridades de la regi\u00f3n se hicieron en la comunidad 10 de Noviembre N\u00facleo 47, perteneciente al municipio de El Puente.<\/p>\n<p style=\"text-align: justify;\">La institucionalidad provincial, a convocatoria del Comit\u00e9 C\u00edvico, celebr\u00f3 en dicha comunidad, distante a 30 kil\u00f3metros de la localidad de El Puente. En la ocasi\u00f3n reafirmaron la pertenencia de estos territorios a la provincia Guarayos, puesto que existe la intenci\u00f3n de San Juli\u00e1n y de \u00d1uflo de Ch\u00e1vez de anexarlos a su jurisdicci\u00f3n.<\/p>\n<p style=\"text-align: justify;\">En la concentraci\u00f3n y posterior desfile, adem\u00e1s de nativos guarayos, tambi\u00e9n se dieron cita chiquitanos, benianos, menonitas y rusos que viven en la zona.<\/p>\n<p style=\"text-align: justify;\">En su intervenci\u00f3n, las autoridades locales conminaron a las autoridades departamentales para que hagan respetar los l\u00edmites de la provincia Guarayos.<\/p>\n<p style=\"text-align: justify;\">El presidente del Comit\u00e9 C\u00edvico de Guarayos, Salvador Vaca dijo que no se permitir\u00e1 que la provincia Guarayos sea cercenada ni un cent\u00edmetro de su territorio.<\/p>\n<p style=\"text-align: justify;\">A su vez, el asamble\u00edsta Ind\u00edgena Roberto Ura\u00f1avi indic\u00f3 que har\u00e1 la representaci\u00f3n del problema a la Asamblea Legislativa Departamental, para que esta instancia trate el tema y le d\u00e9 una soluci\u00f3n.<\/p>\n<p style=\"text-align: justify;\">En su intervenci\u00f3n, la subgobernadora Marcela Rodr\u00edguez, hija del profesor Clovis Rodr\u00edguez, uno de los gestores de la creaci\u00f3n de la provincia, coincidi\u00f3 en se\u00f1alar que defender\u00e1n el territorio guarayo.<\/p>\n<p style=\"text-align: justify;\">\n","protected":false},"excerpt":{"rendered":"<p>El mi\u00e9rcoles, 6 de marzo, la provincia Guarayos conmemor\u00f3 34 a\u00f1os de creaci\u00f3n y lo hizo con desfiles c\u00edvicos en sus tres municipios: Ascensi\u00f3n, que es la capital de provincia; Urubich\u00e1 y El Puente. Pero los actos centrales que contaron con la asistencia de las principales autoridades de la regi\u00f3n se hicieron en la comunidad [&hellip;]<\/p>\n","protected":false},"author":4,"featured_media":64072,"comment_status":"open","ping_status":"closed","sticky":false,"template":"","format":"standard","meta":{"footnotes":""},"categories":[49],"tags":[],"class_list":{"0":"post-64071","1":"post","2":"type-post","3":"status-publish","4":"format-standard","5":"has-post-thumbnail","7":"category-social"},"_links":{"self":[{"href":"https:\/\/jms.com.bo\/mediamonitor\/wp-json\/wp\/v2\/posts\/64071","targetHints":{"allow":["GET"]}}],"collection":[{"href":"https:\/\/jms.com.bo\/mediamonitor\/wp-json\/wp\/v2\/posts"}],"about":[{"href":"https:\/\/jms.com.bo\/mediamonitor\/wp-json\/wp\/v2\/types\/post"}],"author":[{"embeddable":true,"href":"https:\/\/jms.com.bo\/mediamonitor\/wp-json\/wp\/v2\/users\/4"}],"replies":[{"embeddable":true,"href":"https:\/\/jms.com.bo\/mediamonitor\/wp-json\/wp\/v2\/comments?post=64071"}],"version-history":[{"count":0,"href":"https:\/\/jms.com.bo\/mediamonitor\/wp-json\/wp\/v2\/posts\/64071\/revisions"}],"wp:featuredmedia":[{"embeddable":true,"href":"https:\/\/jms.com.bo\/mediamonitor\/wp-json\/wp\/v2\/media\/64072"}],"wp:attachment":[{"href":"https:\/\/jms.com.bo\/mediamonitor\/wp-json\/wp\/v2\/media?parent=64071"}],"wp:term":[{"taxonomy":"category","embeddable":true,"href":"https:\/\/jms.com.bo\/mediamonitor\/wp-json\/wp\/v2\/categories?post=64071"},{"taxonomy":"post_tag","embeddable":true,"href":"https:\/\/jms.com.bo\/mediamonitor\/wp-json\/wp\/v2\/tags?post=64071"}],"curies":[{"name":"wp","href":"https:\/\/api.w.org\/{rel}","templated":true}]}}