{"id":64073,"date":"2024-03-08T07:29:53","date_gmt":"2024-03-08T11:29:53","guid":{"rendered":"https:\/\/jms.com.bo\/mediamonitor\/2024\/03\/08\/por-que-marcharon-los-trabajadores-en-la-capital-cochabambina\/"},"modified":"2024-03-08T07:29:53","modified_gmt":"2024-03-08T11:29:53","slug":"por-que-marcharon-los-trabajadores-en-la-capital-cochabambina","status":"publish","type":"post","link":"https:\/\/jms.com.bo\/mediamonitor\/2024\/03\/08\/por-que-marcharon-los-trabajadores-en-la-capital-cochabambina\/","title":{"rendered":"\u00bfPor qu\u00e9 marcharon los trabajadores en la capital cochabambina?"},"content":{"rendered":"<p style=\"text-align: justify;\">Cientos de trabajadores marcharon en la ciudad de Cochabamba; exigen al gobierno el cumplimiento de seis puntos espec\u00edficos.<\/p>\n<p style=\"text-align: justify;\">De acuerdo con la convocatoria de la Central Obrera Departamental (COD) de Cochabamba, los seis puntos que exigen son: \u00abnuestras reivindicaciones sociales; estabilidad laboral y econ\u00f3mica; respeto al fuero sindical; libertad sindical; por una jubilaci\u00f3n digna y no obligatoria; y la lucha contra el contrabando\u00bb.<\/p>\n<p style=\"text-align: justify;\">Y tal como lo anunciaron, se concentraron este jueves a las 14:30 en el puente Beijing, desde donde partieron en una masiva protesta hasta el centro de esa ciudad.<\/p>\n<p style=\"text-align: justify;\">Entre las pancartas que los trabajadores portaban en plena marcha, se le\u00edan las demandas al gobierno. Las que m\u00e1s destacaban eran las que exigen jubilaci\u00f3n justa y no obligatoria; tambi\u00e9n reclamaban el respeto a sus derechos y la reivindicaci\u00f3n de sus beneficios sociales y laborales.<\/p>\n","protected":false},"excerpt":{"rendered":"<p>Cientos de trabajadores marcharon en la ciudad de Cochabamba; exigen al gobierno el cumplimiento de seis puntos espec\u00edficos. De acuerdo con la convocatoria de la Central Obrera Departamental (COD) de Cochabamba, los seis puntos que exigen son: \u00abnuestras reivindicaciones sociales; estabilidad laboral y econ\u00f3mica; respeto al fuero sindical; libertad sindical; por una jubilaci\u00f3n digna y [&hellip;]<\/p>\n","protected":false},"author":4,"featured_media":64074,"comment_status":"open","ping_status":"closed","sticky":false,"template":"","format":"standard","meta":{"footnotes":""},"categories":[49],"tags":[],"class_list":{"0":"post-64073","1":"post","2":"type-post","3":"status-publish","4":"format-standard","5":"has-post-thumbnail","7":"category-social"},"_links":{"self":[{"href":"https:\/\/jms.com.bo\/mediamonitor\/wp-json\/wp\/v2\/posts\/64073","targetHints":{"allow":["GET"]}}],"collection":[{"href":"https:\/\/jms.com.bo\/mediamonitor\/wp-json\/wp\/v2\/posts"}],"about":[{"href":"https:\/\/jms.com.bo\/mediamonitor\/wp-json\/wp\/v2\/types\/post"}],"author":[{"embeddable":true,"href":"https:\/\/jms.com.bo\/mediamonitor\/wp-json\/wp\/v2\/users\/4"}],"replies":[{"embeddable":true,"href":"https:\/\/jms.com.bo\/mediamonitor\/wp-json\/wp\/v2\/comments?post=64073"}],"version-history":[{"count":0,"href":"https:\/\/jms.com.bo\/mediamonitor\/wp-json\/wp\/v2\/posts\/64073\/revisions"}],"wp:featuredmedia":[{"embeddable":true,"href":"https:\/\/jms.com.bo\/mediamonitor\/wp-json\/wp\/v2\/media\/64074"}],"wp:attachment":[{"href":"https:\/\/jms.com.bo\/mediamonitor\/wp-json\/wp\/v2\/media?parent=64073"}],"wp:term":[{"taxonomy":"category","embeddable":true,"href":"https:\/\/jms.com.bo\/mediamonitor\/wp-json\/wp\/v2\/categories?post=64073"},{"taxonomy":"post_tag","embeddable":true,"href":"https:\/\/jms.com.bo\/mediamonitor\/wp-json\/wp\/v2\/tags?post=64073"}],"curies":[{"name":"wp","href":"https:\/\/api.w.org\/{rel}","templated":true}]}}