{"id":64075,"date":"2024-03-08T07:31:03","date_gmt":"2024-03-08T11:31:03","guid":{"rendered":"https:\/\/jms.com.bo\/mediamonitor\/2024\/03\/08\/yacuiba-tras-colapso-exigen-retomar-el-proyecto-de-drenaje\/"},"modified":"2024-03-08T07:31:03","modified_gmt":"2024-03-08T11:31:03","slug":"yacuiba-tras-colapso-exigen-retomar-el-proyecto-de-drenaje","status":"publish","type":"post","link":"https:\/\/jms.com.bo\/mediamonitor\/2024\/03\/08\/yacuiba-tras-colapso-exigen-retomar-el-proyecto-de-drenaje\/","title":{"rendered":"Yacuiba: Tras colapso exigen retomar el proyecto de drenaje"},"content":{"rendered":"<p style=\"text-align: justify;\">Desde el Concejo Municipal de Yacuiba cuestionan al alcalde Carlos Br\u00fa por su dejadez respecto al proyecto de drenaje pluvial que requiere esta ciudad fronteriza, que en cada temporada de lluvia queda con calles anegadas de agua, tal como sucedi\u00f3 en d\u00edas pasados, en donde incluso colaps\u00f3 una c\u00e1mara s\u00e9ptica en el mercado Campesino. Frente a este escenario catastr\u00f3fico, piden al ejecutivo municipal retomar el proyecto.<\/p>\n<p style=\"text-align: justify;\">El concejal Municipal de Yacuiba, Rafael P\u00e9rez, record\u00f3 que desde hace 10 a\u00f1os atr\u00e1s existe un convenio interinstitucional para la construcci\u00f3n de un drenaje pluvial en el barrio San Francisco en la zona La Ripiera. Sin embargo, este proyecto ha sido judicializado y a partir de ah\u00ed ninguna autoridad se ha preocupado por reencaminarlo.<\/p>\n<p style=\"text-align: justify;\">P\u00e9rez mencion\u00f3 que desde el Concejo Municipal se ha mandado al ejecutivo regional, Jos\u00e9 \u00c1brego, una solicitud de informe sobre el estado actual de este proyecto. La respuesta fue que si bien existe un proceso penal en curso con el proyecto de \u201cDrenaje pluvial Fase I\u201d, no existe medida alguna que proh\u00edba o restrinja la realizaci\u00f3n de trabajos.<\/p>\n<p style=\"text-align: justify;\">Frente a este escenario, P\u00e9rez manifest\u00f3 que se va a solicitar la copia del proyecto para conocer cu\u00e1nto ha avanzado en el pago de planillas y las caracter\u00edsticas de la obra, de esta manera exigir al alcalde Br\u00fa que pueda reactivar.<\/p>\n<p style=\"text-align: justify;\">\u201cSi este proyecto no amerita reencaminarlo, entonces tambi\u00e9n vamos a recomendar que el Alcalde tome acciones al respecto. Sin embargo, anteriormente ya se han hecho estas recomendaciones y \u00e9l contesta diciendo que est\u00e1 en juicio y proceso penal, lo que le impide reactivar este proyecto. (\u2026) pero el se\u00f1or Jos\u00e9 Luis \u00c1brego, dice lo contrario\u201d, puntualiz\u00f3.<\/p>\n<p style=\"text-align: justify;\">La autoridad edil indic\u00f3 que el Alcalde tiene entre 10 a 15 d\u00edas para responder a esta solicitud de informe que se ha realizado respecto al drenaje pluvial de Yacuiba.<\/p>\n<p style=\"text-align: justify;\">Enfatiz\u00f3 que si para agilizar el proyecto, es necesario rescindir el convenio entre instituciones, se lo tiene que hacer, para que el Municipio atienda con urgencia esta necesidad.<\/p>\n","protected":false},"excerpt":{"rendered":"<p>Desde el Concejo Municipal de Yacuiba cuestionan al alcalde Carlos Br\u00fa por su dejadez respecto al proyecto de drenaje pluvial que requiere esta ciudad fronteriza, que en cada temporada de lluvia queda con calles anegadas de agua, tal como sucedi\u00f3 en d\u00edas pasados, en donde incluso colaps\u00f3 una c\u00e1mara s\u00e9ptica en el mercado Campesino. Frente [&hellip;]<\/p>\n","protected":false},"author":4,"featured_media":64076,"comment_status":"open","ping_status":"closed","sticky":false,"template":"","format":"standard","meta":{"footnotes":""},"categories":[49],"tags":[],"class_list":{"0":"post-64075","1":"post","2":"type-post","3":"status-publish","4":"format-standard","5":"has-post-thumbnail","7":"category-social"},"_links":{"self":[{"href":"https:\/\/jms.com.bo\/mediamonitor\/wp-json\/wp\/v2\/posts\/64075","targetHints":{"allow":["GET"]}}],"collection":[{"href":"https:\/\/jms.com.bo\/mediamonitor\/wp-json\/wp\/v2\/posts"}],"about":[{"href":"https:\/\/jms.com.bo\/mediamonitor\/wp-json\/wp\/v2\/types\/post"}],"author":[{"embeddable":true,"href":"https:\/\/jms.com.bo\/mediamonitor\/wp-json\/wp\/v2\/users\/4"}],"replies":[{"embeddable":true,"href":"https:\/\/jms.com.bo\/mediamonitor\/wp-json\/wp\/v2\/comments?post=64075"}],"version-history":[{"count":0,"href":"https:\/\/jms.com.bo\/mediamonitor\/wp-json\/wp\/v2\/posts\/64075\/revisions"}],"wp:featuredmedia":[{"embeddable":true,"href":"https:\/\/jms.com.bo\/mediamonitor\/wp-json\/wp\/v2\/media\/64076"}],"wp:attachment":[{"href":"https:\/\/jms.com.bo\/mediamonitor\/wp-json\/wp\/v2\/media?parent=64075"}],"wp:term":[{"taxonomy":"category","embeddable":true,"href":"https:\/\/jms.com.bo\/mediamonitor\/wp-json\/wp\/v2\/categories?post=64075"},{"taxonomy":"post_tag","embeddable":true,"href":"https:\/\/jms.com.bo\/mediamonitor\/wp-json\/wp\/v2\/tags?post=64075"}],"curies":[{"name":"wp","href":"https:\/\/api.w.org\/{rel}","templated":true}]}}