{"id":64077,"date":"2024-03-08T07:32:17","date_gmt":"2024-03-08T11:32:17","guid":{"rendered":"https:\/\/jms.com.bo\/mediamonitor\/2024\/03\/08\/ine-advierte-a-piso-firme-que-el-peor-escenario-es-no-censarse-y-asamblea-crucena-resolvio-sentar-soberania\/"},"modified":"2024-03-08T07:32:17","modified_gmt":"2024-03-08T11:32:17","slug":"ine-advierte-a-piso-firme-que-el-peor-escenario-es-no-censarse-y-asamblea-crucena-resolvio-sentar-soberania","status":"publish","type":"post","link":"https:\/\/jms.com.bo\/mediamonitor\/2024\/03\/08\/ine-advierte-a-piso-firme-que-el-peor-escenario-es-no-censarse-y-asamblea-crucena-resolvio-sentar-soberania\/","title":{"rendered":"INE advierte a Piso Firme que el \u201cpeor escenario\u201d es no censarse y Asamblea cruce\u00f1a resolvi\u00f3 sentar soberan\u00eda"},"content":{"rendered":"<p style=\"text-align: justify;\">El Instituto Nacional de Estad\u00edstica (INE) advirti\u00f3 este jueves que el \u201cpeor de los escenarios\u201d es que la comunidad ind\u00edgena chiquitana Piso Firme no sea censada este 23 de marzo tal como amenazaron sus representantes. La Asamblea Legislativa Departamental de Santa Cruz resolvi\u00f3 sentar soberan\u00eda y anunci\u00f3 que sesionar\u00e1 en esta zona que est\u00e1 en los l\u00edmites con Beni.<\/p>\n<p style=\"text-align: justify;\">\u201cEl peor de los escenarios es que alguien decida no censarse. Una de las conclusiones a las que llegamos es que definitivamente todos deben censarse porque, sea cual sea la soluci\u00f3n, lo que importa es aplicar los datos generales a donde correspondan\u201d, declar\u00f3 el director del INE, Humberto Arandia.<\/p>\n<p style=\"text-align: justify;\">El viceministro de Autonom\u00edas, \u00c1lvaro Ruiz, confirm\u00f3 que la comunidad ind\u00edgena pertenece al departamento de Beni. Esta decisi\u00f3n la asumi\u00f3 luego de seguir un proceso de delimitaci\u00f3n que comenz\u00f3 en 2022 y de aplicar la ley de l\u00edmites de 1914. Adem\u00e1s, anunci\u00f3 que levant\u00f3 las alarmas en ambas regiones porque aseguran que har\u00e1n respetar su territorio.<\/p>\n<p style=\"text-align: justify;\">\u201cTendr\u00eda que haber censo en Piso Firme y en todo el territorio. (En caso de que no se produjera) \u00bfQui\u00e9n se perjudica? Bolivia en su conjunto y espec\u00edficamente los departamentos que podr\u00edan ser afectados\u201d, apunt\u00f3 Arandia.<\/p>\n<p style=\"text-align: justify;\">La autoridad recalc\u00f3 que el INE no tiene competencia para definir los l\u00edmites municipales ni departamentales. \u201cExisten instancias competentes donde las dos gobernaciones, tal cual lo establece la ley 339, deber\u00edan sentarse a dialogar, no con posiciones pol\u00edticas, sino con hechos f\u00e1cticos y respetando la normativa vigente\u201d, afirm\u00f3.<\/p>\n<p style=\"text-align: justify;\">En cambio, Hortensia G\u00f3mez, cacique de la comunidad ind\u00edgena advirti\u00f3 que \u201cPiso Firme s\u00ed o s\u00ed se va a censar (el 23 de marzo) para Santa Cruz o no se censa para el Beni. No lo vamos a permitir\u201d.<\/p>\n<p style=\"text-align: justify;\">\u201cNos identificamos con San Ignacio de Velasco y le advertimos al Viceministerio de Autonom\u00edas que no nos vamos a hacer censar con Beni. No dudamos un mil\u00edmetro de que somos chuiquitanos ind\u00edgenas de Santa Cruz\u201d, advirti\u00f3.<\/p>\n<p style=\"text-align: justify;\">El secretario y asesor de la Gobernaci\u00f3n de Santa Cruz, Pedro Villalobos, anunci\u00f3 que \u201cno hay nada que censar\u201d. \u201cNo s\u00e9 a qu\u00e9 negociaci\u00f3n debemos arribar de manera t\u00e9cnica porque la ley est\u00e1 para cumplirla, no para debatirla o discutirla. La ley de 1914 nos define los l\u00edmites y no s\u00e9 hasta d\u00f3nde es la pol\u00e9mica. Est\u00e1n tratando de confundir a la poblaci\u00f3n porque censo y territorio. Son cosas diferentes\u201d.<\/p>\n<p style=\"text-align: justify;\">ALD Santa Cruz sentar\u00e1 soberan\u00eda<\/p>\n<p style=\"text-align: justify;\">La Asamblea Legislativa Departamental (ALD) de Santa Cruz resolvi\u00f3 la noche de este jueves sentar soberan\u00eda en la comunidad ind\u00edgena chiquitana Piso Firme y anunci\u00f3 que sesionar\u00e1 en esta zona que est\u00e1 en los l\u00edmites con Beni para tener m\u00e1s soberan\u00eda sobre este territorio ind\u00edgena. Emiti\u00f3 una declaraci\u00f3n de seis puntos. El \u00faltimo de ellos llama a \u201caunar esfuerzos\u201d para sesionar en las \u00e1reas en conflicto lim\u00edtrofe entre los departamentos de Santa Cruz y Beni.<\/p>\n<p style=\"text-align: justify;\">Resoluciones de ALD Santa Cruz:<\/p>\n<p style=\"text-align: justify;\">1. Rechazar rotundamente la cobertura de l\u00edmites de unidades territoriales, prevista en el decreto supremo 5050 del 26 de octubre de 2023, que nos disminuye territorio en comparaci\u00f3n al decreto supremo 26570 del 2 de abril de 2002, peligrando con ello la cohesi\u00f3n e integralidad territorial de nuestro departamento, al no observarse los l\u00edmites precisos naturales definidos hist\u00f3ricamente en la ley 28 de noviembre de 1914, entre Santa Cruz y Beni, en la distribuci\u00f3n y aplicaci\u00f3n de boletas censales durante la realizaci\u00f3n del Censo, el pr\u00f3ximo 23 de marzo.<\/p>\n<p style=\"text-align: justify;\">2. Exhortar a la unidad cruce\u00f1a para la defensa de la integridad territorial, velando porque las autoridades del INE observen los l\u00edmites interdepartamentales, definidos mediante ley del 28 de noviembre de 1914 entre Santa Cruz y Beni; y demandar al \u00d3rgano Ejecutivo Nacional se modifique el decreto supremo 5050, antes mencionado, que la contraviene, a los efectos que se realice una correcta interpretaci\u00f3n cartogr\u00e1fica en la ejecuci\u00f3n del pr\u00f3ximo censo.<\/p>\n<p style=\"text-align: justify;\">3. Defender nuestro territorio cruce\u00f1o y su integralidad, los derechos e intereses difusos de nuestra poblaci\u00f3n a percibir recursos de coparticipaci\u00f3n tributaria y de regal\u00edas departamentales para fines de inversi\u00f3n p\u00fablica y como compensaci\u00f3n por la explotaci\u00f3n de sus recursos naturales; as\u00ed como sus derechos pol\u00edticos de representaci\u00f3n democr\u00e1tica en la composici\u00f3n de la c\u00e1mara de diputados en su proporci\u00f3n demogr\u00e1fica; particularmente, el respeto a la voluntad soberana y a su sentido de pertenencia de los habitantes de la comunidad ind\u00edgena chiquitana de PIso Firme, provincia Velasco de nuestro departamento.<\/p>\n<p style=\"text-align: justify;\">4. Encomendar al Ejecutivo Departamental la conformaci\u00f3n de un comit\u00e9 interinstitucional en Defensa del a integridad territorial del departamento de Santa Cruz, y dentro del mismo se conformen las comisiones jur\u00eddicas, t\u00e9cnica, hist\u00f3rica, de seguimiento y otras pertinentes para trabajar en la defensa de l\u00edmites de acuerdo a las normativas vigentes.<\/p>\n<p style=\"text-align: justify;\">5. Defender los derechos de las naciones y pueblos ind\u00edgenas originarias del departamento de Santa Cruz, en el marco de lo establecido en el art\u00edculo 2,30 y 410 de la Constituci\u00f3n Pol\u00edtica del Estado, as\u00ed como el art\u00edculo 34 del Estatuto Auton\u00f3mico del Departamento en cuanto a la ancestralidad, territorialidad, autodeterminaci\u00f3n y derecho a la libre determinaci\u00f3n.<\/p>\n","protected":false},"excerpt":{"rendered":"<p>El Instituto Nacional de Estad\u00edstica (INE) advirti\u00f3 este jueves que el \u201cpeor de los escenarios\u201d es que la comunidad ind\u00edgena chiquitana Piso Firme no sea censada este 23 de marzo tal como amenazaron sus representantes. La Asamblea Legislativa Departamental de Santa Cruz resolvi\u00f3 sentar soberan\u00eda y anunci\u00f3 que sesionar\u00e1 en esta zona que est\u00e1 en [&hellip;]<\/p>\n","protected":false},"author":4,"featured_media":64078,"comment_status":"open","ping_status":"closed","sticky":false,"template":"","format":"standard","meta":{"footnotes":""},"categories":[20],"tags":[],"class_list":{"0":"post-64077","1":"post","2":"type-post","3":"status-publish","4":"format-standard","5":"has-post-thumbnail","7":"category-actualidad"},"_links":{"self":[{"href":"https:\/\/jms.com.bo\/mediamonitor\/wp-json\/wp\/v2\/posts\/64077","targetHints":{"allow":["GET"]}}],"collection":[{"href":"https:\/\/jms.com.bo\/mediamonitor\/wp-json\/wp\/v2\/posts"}],"about":[{"href":"https:\/\/jms.com.bo\/mediamonitor\/wp-json\/wp\/v2\/types\/post"}],"author":[{"embeddable":true,"href":"https:\/\/jms.com.bo\/mediamonitor\/wp-json\/wp\/v2\/users\/4"}],"replies":[{"embeddable":true,"href":"https:\/\/jms.com.bo\/mediamonitor\/wp-json\/wp\/v2\/comments?post=64077"}],"version-history":[{"count":0,"href":"https:\/\/jms.com.bo\/mediamonitor\/wp-json\/wp\/v2\/posts\/64077\/revisions"}],"wp:featuredmedia":[{"embeddable":true,"href":"https:\/\/jms.com.bo\/mediamonitor\/wp-json\/wp\/v2\/media\/64078"}],"wp:attachment":[{"href":"https:\/\/jms.com.bo\/mediamonitor\/wp-json\/wp\/v2\/media?parent=64077"}],"wp:term":[{"taxonomy":"category","embeddable":true,"href":"https:\/\/jms.com.bo\/mediamonitor\/wp-json\/wp\/v2\/categories?post=64077"},{"taxonomy":"post_tag","embeddable":true,"href":"https:\/\/jms.com.bo\/mediamonitor\/wp-json\/wp\/v2\/tags?post=64077"}],"curies":[{"name":"wp","href":"https:\/\/api.w.org\/{rel}","templated":true}]}}