{"id":64083,"date":"2024-03-08T07:37:00","date_gmt":"2024-03-08T11:37:00","guid":{"rendered":"https:\/\/jms.com.bo\/mediamonitor\/2024\/03\/08\/carlos-bohrt-propone-eliminar-el-tcp\/"},"modified":"2024-03-08T07:37:00","modified_gmt":"2024-03-08T11:37:00","slug":"carlos-bohrt-propone-eliminar-el-tcp","status":"publish","type":"post","link":"https:\/\/jms.com.bo\/mediamonitor\/2024\/03\/08\/carlos-bohrt-propone-eliminar-el-tcp\/","title":{"rendered":"Carlos B\u00f6hrt propone eliminar el TCP"},"content":{"rendered":"<p style=\"text-align: justify;\">El acad\u00e9mico y pol\u00edtico Carlos B\u00f6hrt lanz\u00f3 este jueves su candidatura presidencial con la organizaci\u00f3n Alianza Bolivia Unidad y Solidaria (AL-BUS), con un plan de gobierno de 10 medidas.<\/p>\n<p style=\"text-align: justify;\">B\u00f6hrt es de profesi\u00f3n abogado constitucionalista y en su trayectoria fue diputado, senador, adem\u00e1s de prefecto de Oruro.<\/p>\n<p style=\"text-align: justify;\">Dijo que plan de gobierno tiene el objetivo de \u201crecuperar la patria ante el desfase, ante la crisis desatada por el r\u00e9gimen masista\u201d.<\/p>\n<p style=\"text-align: justify;\">En su programa resalta como propuesta la eliminaci\u00f3n del Tribunal Constitucional Plurinacional (TCP), por actitudes como sabotear las elecciones judiciales y la retardaci\u00f3n de justicia.<\/p>\n<p style=\"text-align: justify;\">La propuesta consiste en reemplazar al TCP con dos salas constitucionales que integren el Tribunal Supremo de Justicia.<\/p>\n<p style=\"text-align: justify;\">Entre otras propuestas, plantea reafirmar la existencia de la naci\u00f3n boliviana, autonom\u00eda plena, econom\u00eda de libre mercado, reducir el d\u00e9ficit fiscal, aporte estatal para la jubilaci\u00f3n en caso de que no alcance para el fondo solidario, entre otros.<\/p>\n<p style=\"text-align: justify;\">B\u00f6hrt expres\u00f3 tambi\u00e9n su predisposici\u00f3n de someterse a elecciones primarias, con el objetivo de tener una sola candidatura de oposici\u00f3n.<\/p>\n<p style=\"text-align: justify;\">Manifest\u00f3 que las primarias podr\u00edan darse dentro del marco regido por el \u00d3rgano Electoral, en base a la propuesta presentada por Comunidad Ciudadana, o tambi\u00e9n por cuerda separada entre los frentes opositores.<\/p>\n","protected":false},"excerpt":{"rendered":"<p>El acad\u00e9mico y pol\u00edtico Carlos B\u00f6hrt lanz\u00f3 este jueves su candidatura presidencial con la organizaci\u00f3n Alianza Bolivia Unidad y Solidaria (AL-BUS), con un plan de gobierno de 10 medidas. B\u00f6hrt es de profesi\u00f3n abogado constitucionalista y en su trayectoria fue diputado, senador, adem\u00e1s de prefecto de Oruro. Dijo que plan de gobierno tiene el objetivo [&hellip;]<\/p>\n","protected":false},"author":4,"featured_media":64084,"comment_status":"open","ping_status":"closed","sticky":false,"template":"","format":"standard","meta":{"footnotes":""},"categories":[18],"tags":[],"class_list":{"0":"post-64083","1":"post","2":"type-post","3":"status-publish","4":"format-standard","5":"has-post-thumbnail","7":"category-politica"},"_links":{"self":[{"href":"https:\/\/jms.com.bo\/mediamonitor\/wp-json\/wp\/v2\/posts\/64083","targetHints":{"allow":["GET"]}}],"collection":[{"href":"https:\/\/jms.com.bo\/mediamonitor\/wp-json\/wp\/v2\/posts"}],"about":[{"href":"https:\/\/jms.com.bo\/mediamonitor\/wp-json\/wp\/v2\/types\/post"}],"author":[{"embeddable":true,"href":"https:\/\/jms.com.bo\/mediamonitor\/wp-json\/wp\/v2\/users\/4"}],"replies":[{"embeddable":true,"href":"https:\/\/jms.com.bo\/mediamonitor\/wp-json\/wp\/v2\/comments?post=64083"}],"version-history":[{"count":0,"href":"https:\/\/jms.com.bo\/mediamonitor\/wp-json\/wp\/v2\/posts\/64083\/revisions"}],"wp:featuredmedia":[{"embeddable":true,"href":"https:\/\/jms.com.bo\/mediamonitor\/wp-json\/wp\/v2\/media\/64084"}],"wp:attachment":[{"href":"https:\/\/jms.com.bo\/mediamonitor\/wp-json\/wp\/v2\/media?parent=64083"}],"wp:term":[{"taxonomy":"category","embeddable":true,"href":"https:\/\/jms.com.bo\/mediamonitor\/wp-json\/wp\/v2\/categories?post=64083"},{"taxonomy":"post_tag","embeddable":true,"href":"https:\/\/jms.com.bo\/mediamonitor\/wp-json\/wp\/v2\/tags?post=64083"}],"curies":[{"name":"wp","href":"https:\/\/api.w.org\/{rel}","templated":true}]}}