{"id":64085,"date":"2024-03-08T07:38:11","date_gmt":"2024-03-08T11:38:11","guid":{"rendered":"https:\/\/jms.com.bo\/mediamonitor\/2024\/03\/08\/los-creditos-para-faja-norte-y-ruta-de-el-alto-llegan-al-senado-y-son-remitidos-a-comision\/"},"modified":"2024-03-08T07:38:11","modified_gmt":"2024-03-08T11:38:11","slug":"los-creditos-para-faja-norte-y-ruta-de-el-alto-llegan-al-senado-y-son-remitidos-a-comision","status":"publish","type":"post","link":"https:\/\/jms.com.bo\/mediamonitor\/2024\/03\/08\/los-creditos-para-faja-norte-y-ruta-de-el-alto-llegan-al-senado-y-son-remitidos-a-comision\/","title":{"rendered":"Los cr\u00e9ditos para Faja Norte y ruta de El Alto llegan al Senado y son remitidos a comisi\u00f3n"},"content":{"rendered":"<p style=\"text-align: justify;\">El Pleno del Senado recibi\u00f3 este jueves dos de los seis proyectos de ley para cr\u00e9ditos que fueron aprobados la semana pasada por Diputados y los remiti\u00f3 a la Comisi\u00f3n de Planificaci\u00f3n, Pol\u00edtica Econ\u00f3mica y Finanzas para su an\u00e1lisis.<\/p>\n<p style=\"text-align: justify;\">Se trata de los proyectos para la construcci\u00f3n de las rutas Faja Norte, en Yapacan\u00ed, y el tramo Senkata-Apacheta, en El Alto.<\/p>\n<p style=\"text-align: justify;\">El Proyecto de ley 255\/2023-2024 \u201cque aprueba el contrato de pr\u00e9stamo BOL-37\/2023 para la \u2018construcci\u00f3n con pavimento camino Faja Norte (Yapacan\u00ed)\u2019\u201d. El acuerdo fue suscrito el 7 de diciembre de 2023, entre Bolivia y el Fondo Financiero para el Desarrollo de la Cuenca del Plata \u2014 Fonplata; por un monto de este pr\u00e9stamo es de hasta $us 56 millones.<\/p>\n<p style=\"text-align: justify;\">Asimismo, el Proyecto de ley 145\/2023-2024 \u201cque aprueba el contrato de pr\u00e9stamo BOL-36\/2023 para el \u2018proyecto mejoramiento y ampliaci\u00f3n a 8 carriles carretera La Paz \u2013 Oruro, tramo Senkata \u2013 Apacheta\u2019\u201d. El convenio fue suscrito el 22 de septiembre de 2023 entre Bolivia y el Fondo Financiero para el Desarrollo de la Cuenca del Plata \u2013 Fonplata; por un monto de hasta $us 57 millones.<\/p>\n<p style=\"text-align: justify;\">Senado<\/p>\n<p style=\"text-align: justify;\">Este jueves, durante la sesi\u00f3n del Senado, su presidente, Andr\u00f3nico Rodr\u00edguez, remiti\u00f3 los proyectos a la comisi\u00f3n, donde solicitar\u00e1n la presencia de los ministros de Planificaci\u00f3n, Sergio Cusicanqui, y de Obras P\u00fablicas, \u00c9dgar Monta\u00f1o, para que expliquen sobre el pr\u00e9stamo.<\/p>\n<p style=\"text-align: justify;\">Horas antes, el presidente de la C\u00e1mara de Diputados, Israel Huaytari, exhort\u00f3 a sus colegas a aprobar las normas lo antes posible para garantizar obras a favor del pueblo.<\/p>\n<p style=\"text-align: justify;\">La senadora del Movimiento Al Socialismo (MAS), Eva Hum\u00e9rez, critic\u00f3 la decisi\u00f3n de enviar los proyectos econ\u00f3micos a una comisi\u00f3n, cuando ya fueron aprobados por Diputados. \u201cBuscan desgastar a nuestro Gobierno. Es indignante, priman sus intereses pol\u00edticos y personales\u201d, dijo.<\/p>\n<p style=\"text-align: justify;\">En una sesi\u00f3n marat\u00f3nica, la C\u00e1mara de Diputados aprob\u00f3 la semana pasada seis proyectos de ley para cr\u00e9ditos internacionales; y aplaz\u00f3 el tratamiento de ley 073 y 075 sobre la pr\u00f3rroga de mandato de magistrados del \u00d3rgano Judicial.<\/p>\n","protected":false},"excerpt":{"rendered":"<p>El Pleno del Senado recibi\u00f3 este jueves dos de los seis proyectos de ley para cr\u00e9ditos que fueron aprobados la semana pasada por Diputados y los remiti\u00f3 a la Comisi\u00f3n de Planificaci\u00f3n, Pol\u00edtica Econ\u00f3mica y Finanzas para su an\u00e1lisis. Se trata de los proyectos para la construcci\u00f3n de las rutas Faja Norte, en Yapacan\u00ed, y [&hellip;]<\/p>\n","protected":false},"author":4,"featured_media":64086,"comment_status":"open","ping_status":"closed","sticky":false,"template":"","format":"standard","meta":{"footnotes":""},"categories":[18],"tags":[],"class_list":{"0":"post-64085","1":"post","2":"type-post","3":"status-publish","4":"format-standard","5":"has-post-thumbnail","7":"category-politica"},"_links":{"self":[{"href":"https:\/\/jms.com.bo\/mediamonitor\/wp-json\/wp\/v2\/posts\/64085","targetHints":{"allow":["GET"]}}],"collection":[{"href":"https:\/\/jms.com.bo\/mediamonitor\/wp-json\/wp\/v2\/posts"}],"about":[{"href":"https:\/\/jms.com.bo\/mediamonitor\/wp-json\/wp\/v2\/types\/post"}],"author":[{"embeddable":true,"href":"https:\/\/jms.com.bo\/mediamonitor\/wp-json\/wp\/v2\/users\/4"}],"replies":[{"embeddable":true,"href":"https:\/\/jms.com.bo\/mediamonitor\/wp-json\/wp\/v2\/comments?post=64085"}],"version-history":[{"count":0,"href":"https:\/\/jms.com.bo\/mediamonitor\/wp-json\/wp\/v2\/posts\/64085\/revisions"}],"wp:featuredmedia":[{"embeddable":true,"href":"https:\/\/jms.com.bo\/mediamonitor\/wp-json\/wp\/v2\/media\/64086"}],"wp:attachment":[{"href":"https:\/\/jms.com.bo\/mediamonitor\/wp-json\/wp\/v2\/media?parent=64085"}],"wp:term":[{"taxonomy":"category","embeddable":true,"href":"https:\/\/jms.com.bo\/mediamonitor\/wp-json\/wp\/v2\/categories?post=64085"},{"taxonomy":"post_tag","embeddable":true,"href":"https:\/\/jms.com.bo\/mediamonitor\/wp-json\/wp\/v2\/tags?post=64085"}],"curies":[{"name":"wp","href":"https:\/\/api.w.org\/{rel}","templated":true}]}}