{"id":64087,"date":"2024-03-08T07:39:25","date_gmt":"2024-03-08T11:39:25","guid":{"rendered":"https:\/\/jms.com.bo\/mediamonitor\/2024\/03\/08\/cuando-seran-las-judiciales-y-en-que-mes-las-primarias\/"},"modified":"2024-03-08T07:39:25","modified_gmt":"2024-03-08T11:39:25","slug":"cuando-seran-las-judiciales-y-en-que-mes-las-primarias","status":"publish","type":"post","link":"https:\/\/jms.com.bo\/mediamonitor\/2024\/03\/08\/cuando-seran-las-judiciales-y-en-que-mes-las-primarias\/","title":{"rendered":"\u00bfCu\u00e1ndo ser\u00e1n las judiciales y en qu\u00e9 mes las primarias?"},"content":{"rendered":"<p style=\"text-align: justify;\">El presidente del Tribunal Supremo Electoral (TSE), Oscar Hassenteufel, estim\u00f3 este jueves que las elecciones judiciales tendr\u00e1n lugar en septiembre de este a\u00f1o, si no se producen cambios de \u00faltimo momento en el cronograma de preselecci\u00f3n de candidatos para dirigir los m\u00e1ximos tribunales de justicia del pa\u00eds. Si ello ocurre as\u00ed, anticip\u00f3 que el TSE cree que las elecciones primarias, que definir\u00e1n a los candidatos para las elecciones presidenciales de 2025, se celebrar\u00e1n en diciembre.<\/p>\n<p style=\"text-align: justify;\">\u201cCuando el Tribunal (Supremo Electoral) reciba las listas de los candidatos (para las elecciones judiciales), va a emitir la convocatoria. Probablemente, eso ocurrir\u00e1 el 7 de mayo, y la elecci\u00f3n, seguramente, ser\u00e1 en el mes de septiembre\u201d, dijo Hassenteufel en entrevista con la red Unitel.<\/p>\n<p style=\"text-align: justify;\">Consultado sobre las elecciones primarias, adelant\u00f3 que, si no surgen retrasos en el proceso anterior, el TSE cree que estas tendr\u00e1n lugar tambi\u00e9n este a\u00f1o. \u201cCreemos que las elecciones primarias se van a llevar a cabo en el mes de diciembre, salvo que haya alguna modificaci\u00f3n legal (en el proceso anterior)\u201d, avis\u00f3.<\/p>\n<p style=\"text-align: justify;\">Las organizaciones pol\u00edticas elegir\u00e1n a sus candidatos para los comicios generales de 2025 en las elecciones primarias. El mi\u00e9rcoles, CC plante\u00f3 modificar el formato por medio de una ley y establecer unas elecciones primarias abiertas, algo que fue rechazado por el \u2018evismo\u2019 y el \u2018arcismo\u2019.<\/p>\n<p style=\"text-align: justify;\">\u00bfCu\u00e1les son los plazos que est\u00e1n vigentes? La fase de preselecci\u00f3n de candidatos para las elecciones judiciales arranc\u00f3 el pasado 17 de febrero y la recepci\u00f3n de postulaciones comenz\u00f3 el 20 de ese mes. El plazo para la presentaci\u00f3n de documentos vence el 10 de marzo, y la Asamblea Legislativa Plurinacional, seg\u00fan la \u201cLey 144 &#8211; Transitoria para las Elecciones Judiciales 2024\u201d tiene un plazo m\u00e1ximo de 80 d\u00edas calendario para remitir las listas de los candidatos preseleccionados al TSE, algo que ocurrir\u00e1 entre el 5 y 6 de mayo, seg\u00fan las previsiones del Legislativo.<\/p>\n<p style=\"text-align: justify;\">Si eso se cumple, el TSE deber\u00e1 organizar y realizar las elecciones judiciales en un plazo m\u00e1ximo de 150 d\u00edas calendario, de acuerdo con lo establecido en la norma.<\/p>\n<p style=\"text-align: justify;\">El domingo, el vocal Tahuchi Tahuichi Quispe dijo que \u201cestamos pensando\u201d que las elecci\u00f3n judicial \u201cser\u00eda el pr\u00f3ximo domingo 22 de septiembre. \u201cLo digo tentativamente. Podr\u00edamos, inclusive, hacerlo un poquito m\u00e1s antes\u201d, afirm\u00f3, en declaraciones al canal DTV.<\/p>\n<p style=\"text-align: justify;\">SITUACI\u00d3N DEL MAS<\/p>\n<p style=\"text-align: justify;\">Consultado sobre el Congreso de Lauca \u00d1 del MAS, Hassenteufel dijo que \u201cestamos a la espera de que el TCP pueda pronunciarse, porque hay dos acciones constitucionales\u201d interpuestas, con relaci\u00f3n a ese asunto. Por otro lado, indic\u00f3 que el TSE a\u00fan no recibi\u00f3 ninguna solicitud de supervisi\u00f3n para el Congreso convocado para mayo por el \u2018arcismo\u2019 en El Alto, donde se planea elegir a una nueva directiva nacional del MAS.<\/p>\n<p style=\"text-align: justify;\">Prorrogado<\/p>\n<p style=\"text-align: justify;\">Olvis Eg\u00fcez Oliva, actual magistrado prorrogado del Tribunal Supremo de Justicia (TSJ), present\u00f3 este jueves su postulaci\u00f3n para optar por un puesto en el Tribunal Constitucional Plurinacional (TCP). Eg\u00fcez fue elegido como magistrado por Santa Cruz en las elecciones judiciales de 2017.<\/p>\n<p style=\"text-align: justify;\">Judiciales: Van 96 postulantes<\/p>\n<p style=\"text-align: justify;\">Se agota el plazo y el Legislativo recibi\u00f3 hasta este jueves un total de 96 postulantes para la fase de preselecci\u00f3n de candidatos a dirigir los m\u00e1ximos tribunales de justicia del pa\u00eds, entre ellos, algunos exmagistrados.<\/p>\n<p style=\"text-align: justify;\">Entre los postulantes al Tribunal Supremo de Justicia (TSJ), se encuentra Wilber Choque, expresidente del Consejo de la Magistratura, elegido para el cargo en las elecciones judiciales de 2011. Su gesti\u00f3n no estuvo libre de pol\u00e9micas. En 2019, fue denunciado por el actual consejero Omar Michel por supuestamente haberlo extorsionado a cambio de \u201cpegas\u201d.<\/p>\n<p style=\"text-align: justify;\">Lucio Fuentes Hinojosa, expresidente del Tribunal Agroambiental, tambi\u00e9n aparece entre los postulantes. El exmagistrado se present\u00f3 para optar por un puesto en el Consejero de la Magistratura. En 2021, e incursion\u00f3 en pol\u00edtica y fue candidato a la Alcald\u00eda de Tiquipaya por PAN-BOL. Tambi\u00e9n se registr\u00f3 en las \u00faltimas horas Freddy Cayo Arozamen, vocal del Tribunal Electoral Departamental de La Paz hasta 2019, cuando fue detenido por el caso \u201cFraude electoral\u201d. Cayo, al igual que todos los exvocales electorales acusados por ese caso, fue sobrese\u00eddo. Luego de eso, fue funcionario del Servicio Nacional de Propiedad Intelectual y del Servicio General de Identificaci\u00f3n Personal. En 2021 present\u00f3 un libro denominado \u201cNunca hubo fraude electoral\u201d.<\/p>\n<p style=\"text-align: justify;\">\n","protected":false},"excerpt":{"rendered":"<p>El presidente del Tribunal Supremo Electoral (TSE), Oscar Hassenteufel, estim\u00f3 este jueves que las elecciones judiciales tendr\u00e1n lugar en septiembre de este a\u00f1o, si no se producen cambios de \u00faltimo momento en el cronograma de preselecci\u00f3n de candidatos para dirigir los m\u00e1ximos tribunales de justicia del pa\u00eds. Si ello ocurre as\u00ed, anticip\u00f3 que el TSE [&hellip;]<\/p>\n","protected":false},"author":4,"featured_media":64088,"comment_status":"open","ping_status":"closed","sticky":false,"template":"","format":"standard","meta":{"footnotes":""},"categories":[18,48,46],"tags":[],"class_list":{"0":"post-64087","1":"post","2":"type-post","3":"status-publish","4":"format-standard","5":"has-post-thumbnail","7":"category-politica","8":"category-portada-general-sitio","9":"category-portada-politica"},"_links":{"self":[{"href":"https:\/\/jms.com.bo\/mediamonitor\/wp-json\/wp\/v2\/posts\/64087","targetHints":{"allow":["GET"]}}],"collection":[{"href":"https:\/\/jms.com.bo\/mediamonitor\/wp-json\/wp\/v2\/posts"}],"about":[{"href":"https:\/\/jms.com.bo\/mediamonitor\/wp-json\/wp\/v2\/types\/post"}],"author":[{"embeddable":true,"href":"https:\/\/jms.com.bo\/mediamonitor\/wp-json\/wp\/v2\/users\/4"}],"replies":[{"embeddable":true,"href":"https:\/\/jms.com.bo\/mediamonitor\/wp-json\/wp\/v2\/comments?post=64087"}],"version-history":[{"count":0,"href":"https:\/\/jms.com.bo\/mediamonitor\/wp-json\/wp\/v2\/posts\/64087\/revisions"}],"wp:featuredmedia":[{"embeddable":true,"href":"https:\/\/jms.com.bo\/mediamonitor\/wp-json\/wp\/v2\/media\/64088"}],"wp:attachment":[{"href":"https:\/\/jms.com.bo\/mediamonitor\/wp-json\/wp\/v2\/media?parent=64087"}],"wp:term":[{"taxonomy":"category","embeddable":true,"href":"https:\/\/jms.com.bo\/mediamonitor\/wp-json\/wp\/v2\/categories?post=64087"},{"taxonomy":"post_tag","embeddable":true,"href":"https:\/\/jms.com.bo\/mediamonitor\/wp-json\/wp\/v2\/tags?post=64087"}],"curies":[{"name":"wp","href":"https:\/\/api.w.org\/{rel}","templated":true}]}}