{"id":64091,"date":"2024-03-08T07:42:45","date_gmt":"2024-03-08T11:42:45","guid":{"rendered":"https:\/\/jms.com.bo\/mediamonitor\/2024\/03\/08\/a-febrero-la-inflacion-llego-a-028-economista-dice-que-no-refleja-la-realidad\/"},"modified":"2024-03-08T07:42:45","modified_gmt":"2024-03-08T11:42:45","slug":"a-febrero-la-inflacion-llego-a-028-economista-dice-que-no-refleja-la-realidad","status":"publish","type":"post","link":"https:\/\/jms.com.bo\/mediamonitor\/2024\/03\/08\/a-febrero-la-inflacion-llego-a-028-economista-dice-que-no-refleja-la-realidad\/","title":{"rendered":"A febrero, la inflaci\u00f3n lleg\u00f3 a 0,28%; economista dice que no refleja la realidad"},"content":{"rendered":"<p style=\"text-align: justify;\">El Instituto Nacional de Estad\u00edstica (INE) registr\u00f3 un incremento del \u00cdndice de Precios al Consumidor (IPC) de 0,28% acumulado a febrero de este a\u00f1o, de acuerdo con un nuevo reporte de esta instituci\u00f3n. Un economista se\u00f1al\u00f3 que esto no refleja la realidad ni la p\u00e9rdida del poder adquisitivo de la poblaci\u00f3n.<\/p>\n<p style=\"text-align: justify;\">En enero, el INE registr\u00f3 una variaci\u00f3n positiva de 0,08%. En febrero, \u00e9sta se dispar\u00f3 a 0,20%; sin embargo, a\u00fan es considerada una inflaci\u00f3n bastante baja.<\/p>\n<p style=\"text-align: justify;\">Los productos cuyos precios m\u00e1s subieron fueron: el tomate con 17,3%, la cebolla con 9,5%, la pasta dental con 8,2%, los productos de papeler\u00eda con 1,8%, la carne de res sin hueso con 0,6% y la carne de res con hueso en 1,6%.<\/p>\n<p style=\"text-align: justify;\">Los precios de mayor incidencia negativa son: transporte interdepartamental, -17%; zanahoria, -14%; papa, -7,8%; locoto, -37%; haba verde, -14,7%, y huevos, -4,6%.<\/p>\n<p style=\"text-align: justify;\">\u201cLo llamativo es la mayor incidencia negativa que se reflej\u00f3 en el transporte interdepartamental, siendo que en ese mes (febrero) los pasajes presentaron un incremento por las fiestas de Carnaval y su feriado respectivo\u201d, manifest\u00f3 el presidente del Colegio de Economistas de Tarija, Luis Fernando Romero.<\/p>\n<p style=\"text-align: justify;\">Asimismo, en redes sociales circulan comentarios del aumento de precio en distintos productos en los mercados y supermercados nacionales. La escasez del d\u00f3lar oblig\u00f3 a que empresas anunciaran que elevar\u00edan sus precios por los altos costos para importar insumos.<\/p>\n<p style=\"text-align: justify;\">\u201cEs evidente que el IPC del INE no refleja el verdadero nivel de precios de nuestra econom\u00eda, donde su metodolog\u00eda de c\u00e1lculo y la influencia de un gran consumo de productos de contrabando hacen que su \u00edndice sea bajo. Se propone modificar la estimaci\u00f3n del mismo para tener un \u00edndice m\u00e1s pr\u00f3ximo a la realidad econ\u00f3mica del pa\u00eds\u201d, aconsej\u00f3 Romero.<\/p>\n<p style=\"text-align: justify;\">Asimismo, a\u00f1adi\u00f3 que, aunque esta inflaci\u00f3n a\u00fan se podr\u00eda considerar \u201ctemporal en t\u00e9rminos estad\u00edsticos\u201d, existe una p\u00e9rdida del poder adquisitivo \u201cnotable y creciente\u201d.<\/p>\n<p style=\"text-align: justify;\">En 2023, Bolivia cerr\u00f3 con una inflaci\u00f3n de 2,12%, una de las m\u00e1s bajas en la regi\u00f3n. Sin embargo, analistas econ\u00f3micos observan que esto se debe a alto costo en subvenci\u00f3n de alimentos y combustibles.<\/p>\n<p style=\"text-align: justify;\">\n","protected":false},"excerpt":{"rendered":"<p>El Instituto Nacional de Estad\u00edstica (INE) registr\u00f3 un incremento del \u00cdndice de Precios al Consumidor (IPC) de 0,28% acumulado a febrero de este a\u00f1o, de acuerdo con un nuevo reporte de esta instituci\u00f3n. Un economista se\u00f1al\u00f3 que esto no refleja la realidad ni la p\u00e9rdida del poder adquisitivo de la poblaci\u00f3n. En enero, el INE [&hellip;]<\/p>\n","protected":false},"author":4,"featured_media":64092,"comment_status":"open","ping_status":"closed","sticky":false,"template":"","format":"standard","meta":{"footnotes":""},"categories":[25],"tags":[],"class_list":{"0":"post-64091","1":"post","2":"type-post","3":"status-publish","4":"format-standard","5":"has-post-thumbnail","7":"category-economia"},"_links":{"self":[{"href":"https:\/\/jms.com.bo\/mediamonitor\/wp-json\/wp\/v2\/posts\/64091","targetHints":{"allow":["GET"]}}],"collection":[{"href":"https:\/\/jms.com.bo\/mediamonitor\/wp-json\/wp\/v2\/posts"}],"about":[{"href":"https:\/\/jms.com.bo\/mediamonitor\/wp-json\/wp\/v2\/types\/post"}],"author":[{"embeddable":true,"href":"https:\/\/jms.com.bo\/mediamonitor\/wp-json\/wp\/v2\/users\/4"}],"replies":[{"embeddable":true,"href":"https:\/\/jms.com.bo\/mediamonitor\/wp-json\/wp\/v2\/comments?post=64091"}],"version-history":[{"count":0,"href":"https:\/\/jms.com.bo\/mediamonitor\/wp-json\/wp\/v2\/posts\/64091\/revisions"}],"wp:featuredmedia":[{"embeddable":true,"href":"https:\/\/jms.com.bo\/mediamonitor\/wp-json\/wp\/v2\/media\/64092"}],"wp:attachment":[{"href":"https:\/\/jms.com.bo\/mediamonitor\/wp-json\/wp\/v2\/media?parent=64091"}],"wp:term":[{"taxonomy":"category","embeddable":true,"href":"https:\/\/jms.com.bo\/mediamonitor\/wp-json\/wp\/v2\/categories?post=64091"},{"taxonomy":"post_tag","embeddable":true,"href":"https:\/\/jms.com.bo\/mediamonitor\/wp-json\/wp\/v2\/tags?post=64091"}],"curies":[{"name":"wp","href":"https:\/\/api.w.org\/{rel}","templated":true}]}}