{"id":64102,"date":"2024-03-08T07:54:18","date_gmt":"2024-03-08T11:54:18","guid":{"rendered":"https:\/\/jms.com.bo\/mediamonitor\/2024\/03\/08\/argentina-importara-gas-natural-de-bolivia-hasta-el-30-de-septiembre-de-2024\/"},"modified":"2024-03-08T07:54:18","modified_gmt":"2024-03-08T11:54:18","slug":"argentina-importara-gas-natural-de-bolivia-hasta-el-30-de-septiembre-de-2024","status":"publish","type":"post","link":"https:\/\/jms.com.bo\/mediamonitor\/2024\/03\/08\/argentina-importara-gas-natural-de-bolivia-hasta-el-30-de-septiembre-de-2024\/","title":{"rendered":"Argentina importar\u00e1 gas natural de Bolivia hasta el 30 de septiembre de 2024"},"content":{"rendered":"<p style=\"text-align: justify;\">El Gobierno de Argentina tom\u00f3 la decisi\u00f3n de importar gas natural de Bolivia hasta el 30 de septiembre de este a\u00f1o, finalizando la compra un mes despu\u00e9s.<\/p>\n<p style=\"text-align: justify;\">\u00abPara este a\u00f1o, es necesaria la importaci\u00f3n de gas natural de Bolivia, gas que ha sido hist\u00f3ricamente m\u00e1s caro que el interno, sin embargo, ahora los vol\u00famenes de gas importados desde ese pa\u00eds son poco significativos y disminuir\u00e1n a cero a partir de octubre del 2024; en principio, para nunca m\u00e1s volver\u00bb, expres\u00f3 Fernando Solanet, subsecretario de Combustibles Gaseosos de la Secretar\u00eda de Energ\u00eda de Argentina.<\/p>\n<p style=\"text-align: justify;\">De acuerdo con datos de la Secretar\u00eda de Energ\u00eda, entre enero y febrero se importaron 2,5 millones de metros c\u00fabicos por d\u00eda (MMm3\/d) y en marzo se prev\u00e9 la compra de un volumen similar de 2,5 MMm3\/d de gas natural, nivel que se ver\u00e1 elevado a 3 MMm3\/d en abril y 4,5 MMm3\/d en los meses de mayo, junio y julio, para finalmente disminuir a 2,4 MMm3\/d en agosto y septiembre de este a\u00f1o.<\/p>\n<p style=\"text-align: justify;\">Energ\u00eda Argentina Sociedad An\u00f3nima, por sus siglas ENARSA, acelera la licitaci\u00f3n del referido proyecto, mismo que implica una inversi\u00f3n de 710 millones de d\u00f3lares.<\/p>\n","protected":false},"excerpt":{"rendered":"<p>El Gobierno de Argentina tom\u00f3 la decisi\u00f3n de importar gas natural de Bolivia hasta el 30 de septiembre de este a\u00f1o, finalizando la compra un mes despu\u00e9s. \u00abPara este a\u00f1o, es necesaria la importaci\u00f3n de gas natural de Bolivia, gas que ha sido hist\u00f3ricamente m\u00e1s caro que el interno, sin embargo, ahora los vol\u00famenes de [&hellip;]<\/p>\n","protected":false},"author":4,"featured_media":64103,"comment_status":"open","ping_status":"closed","sticky":false,"template":"","format":"standard","meta":{"footnotes":""},"categories":[40,23],"tags":[],"class_list":{"0":"post-64102","1":"post","2":"type-post","3":"status-publish","4":"format-standard","5":"has-post-thumbnail","7":"category-bolivia","8":"category-hidrocarburos"},"_links":{"self":[{"href":"https:\/\/jms.com.bo\/mediamonitor\/wp-json\/wp\/v2\/posts\/64102","targetHints":{"allow":["GET"]}}],"collection":[{"href":"https:\/\/jms.com.bo\/mediamonitor\/wp-json\/wp\/v2\/posts"}],"about":[{"href":"https:\/\/jms.com.bo\/mediamonitor\/wp-json\/wp\/v2\/types\/post"}],"author":[{"embeddable":true,"href":"https:\/\/jms.com.bo\/mediamonitor\/wp-json\/wp\/v2\/users\/4"}],"replies":[{"embeddable":true,"href":"https:\/\/jms.com.bo\/mediamonitor\/wp-json\/wp\/v2\/comments?post=64102"}],"version-history":[{"count":0,"href":"https:\/\/jms.com.bo\/mediamonitor\/wp-json\/wp\/v2\/posts\/64102\/revisions"}],"wp:featuredmedia":[{"embeddable":true,"href":"https:\/\/jms.com.bo\/mediamonitor\/wp-json\/wp\/v2\/media\/64103"}],"wp:attachment":[{"href":"https:\/\/jms.com.bo\/mediamonitor\/wp-json\/wp\/v2\/media?parent=64102"}],"wp:term":[{"taxonomy":"category","embeddable":true,"href":"https:\/\/jms.com.bo\/mediamonitor\/wp-json\/wp\/v2\/categories?post=64102"},{"taxonomy":"post_tag","embeddable":true,"href":"https:\/\/jms.com.bo\/mediamonitor\/wp-json\/wp\/v2\/tags?post=64102"}],"curies":[{"name":"wp","href":"https:\/\/api.w.org\/{rel}","templated":true}]}}