{"id":64136,"date":"2024-03-11T07:06:56","date_gmt":"2024-03-11T11:06:56","guid":{"rendered":"https:\/\/jms.com.bo\/mediamonitor\/2024\/03\/11\/analisis-empresas-publicas-gastan-mas-que-las-regiones\/"},"modified":"2024-03-11T07:06:56","modified_gmt":"2024-03-11T11:06:56","slug":"analisis-empresas-publicas-gastan-mas-que-las-regiones","status":"publish","type":"post","link":"https:\/\/jms.com.bo\/mediamonitor\/2024\/03\/11\/analisis-empresas-publicas-gastan-mas-que-las-regiones\/","title":{"rendered":"An\u00e1lisis: Empresas p\u00fablicas gastan m\u00e1s que las regiones"},"content":{"rendered":"<p style=\"text-align: justify;\">En 2022, los recursos que alcald\u00edas, gobernaciones y universidades de Bolivia recibieron del nivel central alcanzaron 20.126 millones de bolivianos. Ese a\u00f1o, solo el gasto corriente de las 75 empresas p\u00fablicas del Estado lleg\u00f3 a Bs 62.000 millones.<\/p>\n<p style=\"text-align: justify;\">Los datos comparativos corresponden al economista Joshua Bellott, docente de la Universidad T\u00e9cnica de Oruro (UTO), que este lunes concedi\u00f3 una entrevista a Correo del Sur Radio (FM 90.1 y AM 980).<\/p>\n<p style=\"text-align: justify;\">\u201c75 empresas p\u00fablicas gastan m\u00e1s que 9 gobernaciones, 11 universidades y 339 municipios. Entonces es obvio que el Estado no solo tiene un problema de falta de recursos porque no se ha invertido, porque no se ha pensado nunca en el futuro, porque hemos cre\u00eddo que los recursos naturales se renuevan seguramente solos o por obra de Dios, sino que realmente hemos tenido una muy mala priorizaci\u00f3n de inversiones y una muy mala asignaci\u00f3n de estas inversiones\u201d, manifest\u00f3 al remarcar que las empresas p\u00fablicas \u201cno solo son ineficientes, sino deficitarias\u201d.<\/p>\n<p style=\"text-align: justify;\">Puntualiz\u00f3 que esta comparaci\u00f3n solo toma en cuenta los datos de gasto corriente de las empresas p\u00fablicas y no todo su presupuesto. El gasto corriente incluye sueldos y salarios, manutenci\u00f3n de edificios, oficinas, papeler\u00eda, contrataciones, entre otros rubros.<\/p>\n<p style=\"text-align: justify;\">Otra comparaci\u00f3n de Bellott: las \u00e1reas de Salud y Educaci\u00f3n utilizan juntas Bs 12.000 millones menos respecto al gasto corriente de las empresas p\u00fablicas. Salud tiene a su cargo 27.000 m\u00e9dicos y 30 mil enfermeras, y Educaci\u00f3n, 180 mil \u00edtems de maestros, frente a los 20.000 empleados en promedio de las empresas p\u00fablicas.<\/p>\n<p style=\"text-align: justify;\">Durante los pronunciamientos previos al Censo de Poblaci\u00f3n y Vivienda, cuyos resultados supondr\u00e1n una redistribuci\u00f3n de recursos, el reclamo por la falta de presupuesto ha sido una constante. En el Tercer Encuentro rumbo al nuevo Pacto Fiscal, que se realiz\u00f3 la semana pasada en la Gobernaci\u00f3n de Chuquisaca, hubo participantes que reclamaron que Santa Cruz pretenda m\u00e1s recursos en detrimento de otros departamentos.<\/p>\n<p style=\"text-align: justify;\">Bellott, ponente en ese encuentro, propone \u201cun acuerdo m\u00ednimo\u201d: \u201cNo se puede reducir presupuesto a ninguna de las regiones en este momento porque es un presupuesto pobr\u00edsimo\u201d.<\/p>\n<p style=\"text-align: justify;\">\u00bfDe d\u00f3nde sacar dinero entonces?<\/p>\n<p style=\"text-align: justify;\">\u201cPuedes aumentar en 50% el presupuesto de todos los gobiernos subnacionales y universidades solo tomando la tercera parte de las empresas p\u00fablicas\u201d, coment\u00f3.<\/p>\n<p style=\"text-align: justify;\">La propuesta de Bellott pasa por \u201cnacionalizar\u201d las empresas p\u00fablicas para devolver la riqueza a los ciudadanos en forma de acciones y liberar mayores recursos para las regiones.<\/p>\n<p style=\"text-align: justify;\">Bellot apunt\u00f3 que en 2022 el d\u00e9ficit p\u00fablico global de las empresas p\u00fablicas alcanz\u00f3 Bs 3.800 millones. Su fuente, para este y otros datos, es el Balance General del Ministerio de Econom\u00eda y Finanzas, seg\u00fan asegur\u00f3.<\/p>\n<p style=\"text-align: justify;\">ANTECEDENTES<\/p>\n<p style=\"text-align: justify;\">El a\u00f1o pasado, ante otros informes, Econom\u00eda neg\u00f3 un d\u00e9ficit de las empresas p\u00fablicas al destacar que en 2022 obtuvieron Bs 1.314 millones de utilidades.<\/p>\n<p style=\"text-align: justify;\">Tambi\u00e9n en 2023, se conoci\u00f3 que la deuda de las empresas p\u00fablicas con el Banco Central de Bolivia alcanz\u00f3 al cierre de 2022, Bs 36.384 millones.<\/p>\n","protected":false},"excerpt":{"rendered":"<p>En 2022, los recursos que alcald\u00edas, gobernaciones y universidades de Bolivia recibieron del nivel central alcanzaron 20.126 millones de bolivianos. Ese a\u00f1o, solo el gasto corriente de las 75 empresas p\u00fablicas del Estado lleg\u00f3 a Bs 62.000 millones. Los datos comparativos corresponden al economista Joshua Bellott, docente de la Universidad T\u00e9cnica de Oruro (UTO), que [&hellip;]<\/p>\n","protected":false},"author":4,"featured_media":64137,"comment_status":"open","ping_status":"closed","sticky":false,"template":"","format":"standard","meta":{"footnotes":""},"categories":[25,45,48],"tags":[],"class_list":{"0":"post-64136","1":"post","2":"type-post","3":"status-publish","4":"format-standard","5":"has-post-thumbnail","7":"category-economia","8":"category-portada-economia","9":"category-portada-general-sitio"},"_links":{"self":[{"href":"https:\/\/jms.com.bo\/mediamonitor\/wp-json\/wp\/v2\/posts\/64136","targetHints":{"allow":["GET"]}}],"collection":[{"href":"https:\/\/jms.com.bo\/mediamonitor\/wp-json\/wp\/v2\/posts"}],"about":[{"href":"https:\/\/jms.com.bo\/mediamonitor\/wp-json\/wp\/v2\/types\/post"}],"author":[{"embeddable":true,"href":"https:\/\/jms.com.bo\/mediamonitor\/wp-json\/wp\/v2\/users\/4"}],"replies":[{"embeddable":true,"href":"https:\/\/jms.com.bo\/mediamonitor\/wp-json\/wp\/v2\/comments?post=64136"}],"version-history":[{"count":0,"href":"https:\/\/jms.com.bo\/mediamonitor\/wp-json\/wp\/v2\/posts\/64136\/revisions"}],"wp:featuredmedia":[{"embeddable":true,"href":"https:\/\/jms.com.bo\/mediamonitor\/wp-json\/wp\/v2\/media\/64137"}],"wp:attachment":[{"href":"https:\/\/jms.com.bo\/mediamonitor\/wp-json\/wp\/v2\/media?parent=64136"}],"wp:term":[{"taxonomy":"category","embeddable":true,"href":"https:\/\/jms.com.bo\/mediamonitor\/wp-json\/wp\/v2\/categories?post=64136"},{"taxonomy":"post_tag","embeddable":true,"href":"https:\/\/jms.com.bo\/mediamonitor\/wp-json\/wp\/v2\/tags?post=64136"}],"curies":[{"name":"wp","href":"https:\/\/api.w.org\/{rel}","templated":true}]}}