{"id":64138,"date":"2024-03-11T07:07:58","date_gmt":"2024-03-11T11:07:58","guid":{"rendered":"https:\/\/jms.com.bo\/mediamonitor\/2024\/03\/11\/ende-renueva-equipamiento-de-transporte-electrico-en-el-departamento-de-oruro\/"},"modified":"2024-03-11T07:07:58","modified_gmt":"2024-03-11T11:07:58","slug":"ende-renueva-equipamiento-de-transporte-electrico-en-el-departamento-de-oruro","status":"publish","type":"post","link":"https:\/\/jms.com.bo\/mediamonitor\/2024\/03\/11\/ende-renueva-equipamiento-de-transporte-electrico-en-el-departamento-de-oruro\/","title":{"rendered":"ENDE renueva equipamiento de transporte el\u00e9ctrico en el departamento de Oruro"},"content":{"rendered":"<p style=\"text-align: justify;\">La Empresa Nacional de Electricidad (ENDE) Corporaci\u00f3n) realiz\u00f3 el cambio de equipos primarios en la Subestaci\u00f3n Vinto, ubicada en el departamento de Oruro, para fortalecer el transporte de energ\u00eda el\u00e9ctrica y evitar cualquier tipo de cortes inesperados en el servicio.<\/p>\n<p style=\"text-align: justify;\">De acuerdo al Plan de Renovaci\u00f3n encarado por ENDE Transmisi\u00f3n, se realiz\u00f3 el cambio y mejoramiento de seis transformadores de corriente del parque de 115 kV, dos interruptores trif\u00e1sicos del parque de 69 kV y tres transformadores de tensi\u00f3n capacitivos de salida de l\u00ednea a la Empresa Minera Vinto (EMV) de 69 kV.<\/p>\n<p style=\"text-align: justify;\">La subestaci\u00f3n Vinto es una de las instalaciones m\u00e1s antiguas que compone el Sistema Interconectado Nacional (SIN), ingres\u00f3 en operaci\u00f3n hace m\u00e1s de 40 a\u00f1os y ha estado en constate actualizaci\u00f3n y mejoramiento, para garantizar la confiabilidad, estabilidad y eficiencia del sistema el\u00e9ctrico. La vigencia del funcionamiento de esta subestaci\u00f3n el\u00e9ctrica, es una muestra de la correcta administraci\u00f3n operativa por parte de ENDE.<\/p>\n<p style=\"text-align: justify;\">\u201cLa estatal el\u00e9ctrica actualmente cuenta con uno de los sistemas de transmisi\u00f3n de electricidad m\u00e1s robustos y eficientes de la regi\u00f3n e incorpora nueva tecnolog\u00eda para ampliar la capacidad del transporte el\u00e9ctrico, adem\u00e1s dedica una ardua labor al mantenimiento de equipamiento, que cuenta con un importante recorrido en su funcionamiento\u201d, se\u00f1al\u00f3 la estatal en una nota de prensa.<\/p>\n","protected":false},"excerpt":{"rendered":"<p>La Empresa Nacional de Electricidad (ENDE) Corporaci\u00f3n) realiz\u00f3 el cambio de equipos primarios en la Subestaci\u00f3n Vinto, ubicada en el departamento de Oruro, para fortalecer el transporte de energ\u00eda el\u00e9ctrica y evitar cualquier tipo de cortes inesperados en el servicio. De acuerdo al Plan de Renovaci\u00f3n encarado por ENDE Transmisi\u00f3n, se realiz\u00f3 el cambio y [&hellip;]<\/p>\n","protected":false},"author":4,"featured_media":64139,"comment_status":"open","ping_status":"closed","sticky":false,"template":"","format":"standard","meta":{"footnotes":""},"categories":[39],"tags":[],"class_list":{"0":"post-64138","1":"post","2":"type-post","3":"status-publish","4":"format-standard","5":"has-post-thumbnail","7":"category-energia"},"_links":{"self":[{"href":"https:\/\/jms.com.bo\/mediamonitor\/wp-json\/wp\/v2\/posts\/64138","targetHints":{"allow":["GET"]}}],"collection":[{"href":"https:\/\/jms.com.bo\/mediamonitor\/wp-json\/wp\/v2\/posts"}],"about":[{"href":"https:\/\/jms.com.bo\/mediamonitor\/wp-json\/wp\/v2\/types\/post"}],"author":[{"embeddable":true,"href":"https:\/\/jms.com.bo\/mediamonitor\/wp-json\/wp\/v2\/users\/4"}],"replies":[{"embeddable":true,"href":"https:\/\/jms.com.bo\/mediamonitor\/wp-json\/wp\/v2\/comments?post=64138"}],"version-history":[{"count":0,"href":"https:\/\/jms.com.bo\/mediamonitor\/wp-json\/wp\/v2\/posts\/64138\/revisions"}],"wp:featuredmedia":[{"embeddable":true,"href":"https:\/\/jms.com.bo\/mediamonitor\/wp-json\/wp\/v2\/media\/64139"}],"wp:attachment":[{"href":"https:\/\/jms.com.bo\/mediamonitor\/wp-json\/wp\/v2\/media?parent=64138"}],"wp:term":[{"taxonomy":"category","embeddable":true,"href":"https:\/\/jms.com.bo\/mediamonitor\/wp-json\/wp\/v2\/categories?post=64138"},{"taxonomy":"post_tag","embeddable":true,"href":"https:\/\/jms.com.bo\/mediamonitor\/wp-json\/wp\/v2\/tags?post=64138"}],"curies":[{"name":"wp","href":"https:\/\/api.w.org\/{rel}","templated":true}]}}