{"id":64151,"date":"2024-03-12T07:29:10","date_gmt":"2024-03-12T11:29:10","guid":{"rendered":"https:\/\/jms.com.bo\/mediamonitor\/2024\/03\/12\/avicolas-de-tres-departamentos-en-emergencia-por-la-falta-de-soya\/"},"modified":"2024-03-12T07:29:10","modified_gmt":"2024-03-12T11:29:10","slug":"avicolas-de-tres-departamentos-en-emergencia-por-la-falta-de-soya","status":"publish","type":"post","link":"https:\/\/jms.com.bo\/mediamonitor\/2024\/03\/12\/avicolas-de-tres-departamentos-en-emergencia-por-la-falta-de-soya\/","title":{"rendered":"Av\u00edcolas de tres departamentos en emergencia por la falta de soya"},"content":{"rendered":"<p style=\"text-align: justify;\">Los productores av\u00edcolas de departamentos de Santa Cruz, Cochabamba y Tarija se han declarado en emergencia por el desabastecimiento de la soya, insumo base para la preparaci\u00f3n del alimento para la crianza de pollos de granja. Advirtieron que esta situaci\u00f3n se gener\u00f3 a partir de la medida adoptada por el Gobierno al liberar las exportaciones, en ese sentido han determinado dar un plazo de 72 horas para viabilizar una soluci\u00f3n.<\/p>\n<p style=\"text-align: justify;\">El representante de la Asociaci\u00f3n Departamental de Avicultores de Tarija (ADAT), Rony Mart\u00ednez, se\u00f1al\u00f3 que la afectaci\u00f3n actualmente se est\u00e1 dando en los tres departamentos con mayor producci\u00f3n av\u00edcola a nivel nacional.<\/p>\n<p style=\"text-align: justify;\">Mart\u00ednez indic\u00f3 que de momento pretenden hacer un llamado de atenci\u00f3n a las autoridades nacionales, ya que desde aquella reuni\u00f3n entre el Gobierno y empresarios privados, donde acordaron liberar exportaciones, el sector de las oleaginosas no est\u00e1 pudiendo proveer de soya a los sectores pecuarios, tanto av\u00edcolas, porcinocultores, lecheros y otros.<\/p>\n<p style=\"text-align: justify;\">\u201cNosotros estamos siendo perjudicados en este momento, lo que tardaba tres o cuatro d\u00edas desde el momento de hacer el dep\u00f3sito para que se traiga la soya al departamento de Tarija, ahora tenemos perjuicios entre 14 d\u00edas y en otros casos no estamos teniendo respuestas. Esto quiere decir que estamos siendo desatendidos por la industria aceitera para que nosotros podamos proveerse de un insumo esencial para las dietas alimentarias del sector av\u00edcola\u201d, explic\u00f3.<\/p>\n<p style=\"text-align: justify;\">El titular de la ADAT hizo un llamado a las autoridades nacionales para que puedan reunirse con los productores soyeros y convocar al sector pecuario para que puedan conocer la realidad por la que actualmente atraviesan.<\/p>\n<p style=\"text-align: justify;\">\u201cNo podemos entrar a una desestabilizaci\u00f3n del sector av\u00edcola, no podemos perjudicar por el simple hecho de exportar, priorizar la exportaci\u00f3n y no atender lo que es la producci\u00f3n nacional\u201d, apunt\u00f3.<\/p>\n<p style=\"text-align: justify;\">Mart\u00ednez advirti\u00f3 que si se contin\u00faa de esta manera, se genera una afectaci\u00f3n en abanico, iniciando por los productores, replicando en la poblaci\u00f3n, esto debido a que aumenta la hoja de costos y en consecuencia aumenta el producto final.<\/p>\n<p style=\"text-align: justify;\">El vicepresidente de ADAT, Fabi\u00e1n Romero Blacut, ratific\u00f3 que a la fecha existen varias limitantes con la provisi\u00f3n de insumos para la producci\u00f3n av\u00edcola, por ello es que a nivel nacional han determinado pronunciarse para solicitar a las autoridades nacionales, tanto Ministerio de Desarrollo Productivo y Ministerio de Desarrollo Rural y Tierras, para que revisen y hagan cumplir los acuerdos firmados con el sector de oleaginosas para que provean de soya solvente y soya integral al sector pecuario.<\/p>\n","protected":false},"excerpt":{"rendered":"<p>Los productores av\u00edcolas de departamentos de Santa Cruz, Cochabamba y Tarija se han declarado en emergencia por el desabastecimiento de la soya, insumo base para la preparaci\u00f3n del alimento para la crianza de pollos de granja. Advirtieron que esta situaci\u00f3n se gener\u00f3 a partir de la medida adoptada por el Gobierno al liberar las exportaciones, [&hellip;]<\/p>\n","protected":false},"author":4,"featured_media":64152,"comment_status":"open","ping_status":"closed","sticky":false,"template":"","format":"standard","meta":{"footnotes":""},"categories":[53],"tags":[],"class_list":{"0":"post-64151","1":"post","2":"type-post","3":"status-publish","4":"format-standard","5":"has-post-thumbnail","7":"category-salud"},"_links":{"self":[{"href":"https:\/\/jms.com.bo\/mediamonitor\/wp-json\/wp\/v2\/posts\/64151","targetHints":{"allow":["GET"]}}],"collection":[{"href":"https:\/\/jms.com.bo\/mediamonitor\/wp-json\/wp\/v2\/posts"}],"about":[{"href":"https:\/\/jms.com.bo\/mediamonitor\/wp-json\/wp\/v2\/types\/post"}],"author":[{"embeddable":true,"href":"https:\/\/jms.com.bo\/mediamonitor\/wp-json\/wp\/v2\/users\/4"}],"replies":[{"embeddable":true,"href":"https:\/\/jms.com.bo\/mediamonitor\/wp-json\/wp\/v2\/comments?post=64151"}],"version-history":[{"count":0,"href":"https:\/\/jms.com.bo\/mediamonitor\/wp-json\/wp\/v2\/posts\/64151\/revisions"}],"wp:featuredmedia":[{"embeddable":true,"href":"https:\/\/jms.com.bo\/mediamonitor\/wp-json\/wp\/v2\/media\/64152"}],"wp:attachment":[{"href":"https:\/\/jms.com.bo\/mediamonitor\/wp-json\/wp\/v2\/media?parent=64151"}],"wp:term":[{"taxonomy":"category","embeddable":true,"href":"https:\/\/jms.com.bo\/mediamonitor\/wp-json\/wp\/v2\/categories?post=64151"},{"taxonomy":"post_tag","embeddable":true,"href":"https:\/\/jms.com.bo\/mediamonitor\/wp-json\/wp\/v2\/tags?post=64151"}],"curies":[{"name":"wp","href":"https:\/\/api.w.org\/{rel}","templated":true}]}}