{"id":64155,"date":"2024-03-12T07:32:36","date_gmt":"2024-03-12T11:32:36","guid":{"rendered":"https:\/\/jms.com.bo\/mediamonitor\/2024\/03\/12\/el-intento-de-tumbe-mas-grande-del-siglo-llaman-a-la-demanda-del-mutualista\/"},"modified":"2024-03-12T07:32:36","modified_gmt":"2024-03-12T11:32:36","slug":"el-intento-de-tumbe-mas-grande-del-siglo-llaman-a-la-demanda-del-mutualista","status":"publish","type":"post","link":"https:\/\/jms.com.bo\/mediamonitor\/2024\/03\/12\/el-intento-de-tumbe-mas-grande-del-siglo-llaman-a-la-demanda-del-mutualista\/","title":{"rendered":"El intento de tumbe m\u00e1s grande del siglo, llaman a la demanda del Mutualista"},"content":{"rendered":"<p style=\"text-align: justify;\">Existe documentaci\u00f3n correlativa e id\u00f3nea desde 1933. En eso se resumi\u00f3 la explicaci\u00f3n de Blanca Alicia Rojas, directora de Regulaci\u00f3n Urbana, dependiente de la Secretar\u00eda de Planificaci\u00f3n.<\/p>\n<p style=\"text-align: justify;\">La exposici\u00f3n de la funcionaria se dio en la Subalcald\u00eda del Distrito Municipal DM-12, luego de que el Concejo Municipal convocara a una reuni\u00f3n informativa para dilucidar lo ocurrido con un tema que parec\u00eda \u2018turbio\u2019 desde finales de 2022.<\/p>\n<p style=\"text-align: justify;\">\u201cEste debe ser el intento de tumbe, la estafa m\u00e1s grande del siglo, 100 millones de d\u00f3lares, como si Santa Cruz de la Sierra fuera tierra de nadie\u201d, dijo el concejal \u2018Mam\u00e9n\u2019 Saavedra sobre el caso.<\/p>\n<p style=\"text-align: justify;\">Pidi\u00f3 llamar a Beatriz Galviz y Sonia Limpias Z\u00e1rraga, dependientes de las secretar\u00edas de Finanzas y Planificaci\u00f3n, quienes respondieron a una Petici\u00f3n de Informe Escrito (PIE), asegurando que no exist\u00eda documentaci\u00f3n que respalde el derecho propietario del Gobierno Municipal sobre el mercado Mutualista.<\/p>\n<p style=\"text-align: justify;\">\u201cEstuvimos a nada de perder el Mutualista, ll\u00e1mese por funcionarios o legisladores vendidos, para que privados ganen. Hubo errores en el Ejecutivo, tardaron cuatro meses en enmendarlos, y tres meses en salir del despacho del alcalde\u201d, aludi\u00f3.<\/p>\n<p style=\"text-align: justify;\">Saavedra pidi\u00f3 investigar responsabilidades e iniciar procesos penales.<\/p>\n<p style=\"text-align: justify;\">Por su parte, la concejala Lola Terrazas dijo que hay mucha tela por cortar y cosas que a\u00fan no se entienden. Observ\u00f3 que, si ya hubo intenciones de quitar bienes al Municipio, todos deber\u00edan estar en alerta.<\/p>\n<p style=\"text-align: justify;\">Observ\u00f3 que no correspond\u00eda la abrogaci\u00f3n de la Ley 417\/2016, que declaraba el Mutualista como de dominio municipal, ya que la orden de la Sala Constitucional Tercera era una resoluci\u00f3n, y no un fallo.<\/p>\n<p style=\"text-align: justify;\">\u201cEl equipo jur\u00eddico del Ejecutivo dej\u00f3 que el alcalde interino promulgue esa ley. Es la \u00fanica ley con dispensaci\u00f3n de tr\u00e1mite que se promulg\u00f3 y se puso en la Gaceta en 24 horas\u201d, cuestion\u00f3.<\/p>\n<p style=\"text-align: justify;\">Para Terrazas, el Municipio est\u00e1 a tiempo de enmendar errores, y sugiri\u00f3 que a la acci\u00f3n negatoria presentada por la Alcald\u00eda, deben sumarse un control de legalidad y dejar sin efecto la ley que abroga la 417\/2016.<\/p>\n<p style=\"text-align: justify;\">\u201cYa hicieron lo mismo con el Zool\u00f3gico y ahora se viene el nuevo mercado La Ramada\u201d, advirti\u00f3, y llam\u00f3 a desenmascarar lo sucedido. \u201cHubo funcionarios que se prestaron, y tambi\u00e9n concejales. Cuando hay derecho propietario de un privado, que se defienda el privado\u201d, aludi\u00f3.<\/p>\n<p style=\"text-align: justify;\">Molestia<\/p>\n<p style=\"text-align: justify;\">Los comerciantes respondieron con gritos a las intervenciones de los concejales Jos\u00e9 Quiroz y Juan Carlos Medrano. \u201cVendido\u201d, le dijeron a Quiroz, quien asegur\u00f3 que hasta la fecha no ha recibido la documentaci\u00f3n solicitada al Ejecutivo en 2022, que respalde el derecho propietario.<\/p>\n<p style=\"text-align: justify;\">Sobre su participaci\u00f3n en la sesi\u00f3n que abrog\u00f3 la 417\/2016, dijo que tuvo que hacerlo ante la ausencia de la presidenta y vicepresidenta del Legislativo. \u201cDeber\u00edamos denunciar al vocal\u201d, se refiri\u00f3 a la Sala constitucional Tercera, que favoreci\u00f3 a un privado, en este caso Nelson Crapuzzi.<\/p>\n<p style=\"text-align: justify;\">Por su parte, en medio de los gritos de \u201ctraidor\u201d y \u201cse te cay\u00f3 el negocio\u201d, Medrano observ\u00f3 que la reuni\u00f3n no se hubiera aprovechado para analizar documentos que respalden el derecho propietario municipal. \u201cEs extra\u00f1o que con tanta informaci\u00f3n no se hubiera presentado esto en el proceso para el amparo, pero s\u00ed en el monitorio\u201d, dijo, y record\u00f3 que al Concejo llegaban respuestas, pero sin respaldo documentado.<\/p>\n<p style=\"text-align: justify;\">PARA SABER<\/p>\n<p style=\"text-align: justify;\">NO DAR\u00c1 LOS PLANOS<\/p>\n<p style=\"text-align: justify;\">A pesar de la conminatoria a la secretaria de Planificaci\u00f3n, Andrea Daza, para entregar los planos. Esta respondi\u00f3 que prefiere ir presa antes que darlos. Sobre la Ley 417, aclar\u00f3 que solo perfecciona la fusi\u00f3n de los terrenos, que antes eran de cinco due\u00f1os, pero hay que entender que se mantienen los antecedentes y registros de esos anteriores propietarios. \u201cEl terreno sigue siendo del Gobierno Municipal, pese a la abrogaci\u00f3n de la ley\u201d, recalc\u00f3.<\/p>\n<p style=\"text-align: justify;\">\u00abGARANTIZAN\u00bb DERECHO PROPIETARIO<br \/>\nBernardo Montenegro, vocero jur\u00eddico del Ejecutivo municipal, dijo que \u00abel derecho propietario est\u00e1 garantizado con toda la informaci\u00f3n y el registro que se tiene\u00bb.<\/p>\n<p style=\"text-align: justify;\">Seg\u00fan Montenegro, el amparo contra el Concejo se hace atacando una ley, la 417\/2016, y le llam\u00f3 mucho la atenci\u00f3n que antes del amparo, un concejal ped\u00eda que se derogue esta ley.<\/p>\n<p style=\"text-align: justify;\">Dijo que por un tema de seguridad no se dar\u00e1 a conocer toda la documentaci\u00f3n a presentarse en el proceso.<\/p>\n<p style=\"text-align: justify;\">\u00abInternamente, el Concejo tiene muchas cosas que dilucidar en cuanto al comportamiento de los propios concejales, antes de pedir renuncias en el Ejecutivo. Nosotros tambi\u00e9n creemos que hay concejales que deben renunciar\u00bb, comentario que fue cuestinado por varios legisladores.<\/p>\n<p style=\"text-align: justify;\">Seg\u00fan el concejal Jos\u00e9 Alberti, nunca hubo dudas de que el Mutualista era un bien de dominio municipal, y dijo que la reuni\u00f3n informativa fue usada para que algunos se laven la cara.<\/p>\n<p style=\"text-align: justify;\">\u00abNosotros hemos propuesto una acci\u00f3n de cumplimiento constitucional al Ejecutivo Municipal para que haga una defensa real de los predios. Hay concejales que dijeron que esos predios eran privados\u00bb, aludi\u00f3.<\/p>\n<p style=\"text-align: justify;\">Alberti sugiri\u00f3 que los concejales que defendieron intereses privados sean procesados en la Comisi\u00f3n de \u00e9tica. Adem\u00e1s propuso la renuncia no solo del equipo jur\u00eddico de la Alcald\u00eda, sino espec\u00edficamente de la Secretar\u00eda de Planificaci\u00f3n.<\/p>\n<p style=\"text-align: justify;\">La presidenta del Concejo, Gabriela Garz\u00f3n, respondi\u00f3 a Alberti que \u00e9l estuvo en la audiencia en la que se abrog\u00f3 la Ley 417. \u00abEs bueno recordar que uno de los que propone llegar a la Comisi\u00f3n de \u00e9tica fue uno de los part\u00edcipes de la abrogaci\u00f3n de la 417. No se trata de lavarse la cara, sino de decir la verdad a la ciudadan\u00eda\u00bb.<\/p>\n<p style=\"text-align: justify;\">Seg\u00fan Garz\u00f3n, el Ejecutivo reiter\u00f3 muchas veces en sesiones del Concejo que estos predios siempre fueron municipales.<\/p>\n","protected":false},"excerpt":{"rendered":"<p>Existe documentaci\u00f3n correlativa e id\u00f3nea desde 1933. En eso se resumi\u00f3 la explicaci\u00f3n de Blanca Alicia Rojas, directora de Regulaci\u00f3n Urbana, dependiente de la Secretar\u00eda de Planificaci\u00f3n. La exposici\u00f3n de la funcionaria se dio en la Subalcald\u00eda del Distrito Municipal DM-12, luego de que el Concejo Municipal convocara a una reuni\u00f3n informativa para dilucidar lo [&hellip;]<\/p>\n","protected":false},"author":4,"featured_media":64156,"comment_status":"open","ping_status":"closed","sticky":false,"template":"","format":"standard","meta":{"footnotes":""},"categories":[49],"tags":[],"class_list":{"0":"post-64155","1":"post","2":"type-post","3":"status-publish","4":"format-standard","5":"has-post-thumbnail","7":"category-social"},"_links":{"self":[{"href":"https:\/\/jms.com.bo\/mediamonitor\/wp-json\/wp\/v2\/posts\/64155","targetHints":{"allow":["GET"]}}],"collection":[{"href":"https:\/\/jms.com.bo\/mediamonitor\/wp-json\/wp\/v2\/posts"}],"about":[{"href":"https:\/\/jms.com.bo\/mediamonitor\/wp-json\/wp\/v2\/types\/post"}],"author":[{"embeddable":true,"href":"https:\/\/jms.com.bo\/mediamonitor\/wp-json\/wp\/v2\/users\/4"}],"replies":[{"embeddable":true,"href":"https:\/\/jms.com.bo\/mediamonitor\/wp-json\/wp\/v2\/comments?post=64155"}],"version-history":[{"count":0,"href":"https:\/\/jms.com.bo\/mediamonitor\/wp-json\/wp\/v2\/posts\/64155\/revisions"}],"wp:featuredmedia":[{"embeddable":true,"href":"https:\/\/jms.com.bo\/mediamonitor\/wp-json\/wp\/v2\/media\/64156"}],"wp:attachment":[{"href":"https:\/\/jms.com.bo\/mediamonitor\/wp-json\/wp\/v2\/media?parent=64155"}],"wp:term":[{"taxonomy":"category","embeddable":true,"href":"https:\/\/jms.com.bo\/mediamonitor\/wp-json\/wp\/v2\/categories?post=64155"},{"taxonomy":"post_tag","embeddable":true,"href":"https:\/\/jms.com.bo\/mediamonitor\/wp-json\/wp\/v2\/tags?post=64155"}],"curies":[{"name":"wp","href":"https:\/\/api.w.org\/{rel}","templated":true}]}}