{"id":64159,"date":"2024-03-12T07:37:30","date_gmt":"2024-03-12T11:37:30","guid":{"rendered":"https:\/\/jms.com.bo\/mediamonitor\/2024\/03\/12\/ine-informa-que-poblacion-afectada-por-lluvias-sera-censada-en-albergues\/"},"modified":"2024-03-12T07:37:30","modified_gmt":"2024-03-12T11:37:30","slug":"ine-informa-que-poblacion-afectada-por-lluvias-sera-censada-en-albergues","status":"publish","type":"post","link":"https:\/\/jms.com.bo\/mediamonitor\/2024\/03\/12\/ine-informa-que-poblacion-afectada-por-lluvias-sera-censada-en-albergues\/","title":{"rendered":"INE informa que poblaci\u00f3n afectada por lluvias ser\u00e1 censada en albergues"},"content":{"rendered":"<p style=\"text-align: justify;\">El director ejecutivo del Instituto Nacional de Estad\u00edstica (INE), Humberto Arandia, inform\u00f3 este lunes que la poblaci\u00f3n damnificada a ra\u00edz de las lluvias en el pa\u00eds ser\u00e1 censada en albergues, seg\u00fan el protocolo establecido en esa instituci\u00f3n.<\/p>\n<p style=\"text-align: justify;\">\u201cDel 17 al 22 de marzo, el protocolo consiste en el establecimiento de albergues en caso de eventos extremos, coordinado con los 343 municipios, georeferenciando los albergues correspondientes y, en el caso de la boleta censal, se tipificar\u00e1 como vivienda improvisada o provisional, evitando generar conflicto y o susceptibilidades en las personas afectadas\u201d, afirm\u00f3 Arandia.<\/p>\n<p style=\"text-align: justify;\">En ese sentido, indic\u00f3 que previamente se har\u00e1 una evaluaci\u00f3n de la afectaci\u00f3n que se tiene en las localidades para la instalaci\u00f3n de albergues.<\/p>\n<p style=\"text-align: justify;\">Este a\u00f1o, las lluvias causaron destrozos y afectaron a poblaciones de los departamentos de La Paz, especialmente Yungas y la ciudad de La Paz; Cochabamba, Santa Cruz, Pando, Potos\u00ed, Chuquisaca y Oruro.<\/p>\n<p style=\"text-align: justify;\">\u201cAnalizando el nivel de impacto que se tiene o afectaci\u00f3n en la poblaci\u00f3n en general y, en caso de ser extremadamente necesario, estableceremos albergues, como ser el caso de Tipuani, por ejemplo, Pando ya no, no hay problema\u201d, explic\u00f3 Arandia.<\/p>\n<p style=\"text-align: justify;\">Adem\u00e1s, desde el INE se garantiz\u00f3 31.000 cajas con material para el Censo de Poblaci\u00f3n y Vivienda para el departamento de La Paz.<\/p>\n<p style=\"text-align: justify;\">\u201cTenemos todo el material garantizado, tanto para las capacitaciones como tambi\u00e9n el material censal. Nosotros estamos recibiendo 31.000 cajas censales para todo el departamento de La Paz, todo est\u00e1 garantizado\u201d, inform\u00f3 el responsable del Censo en La Paz, Santiago Padilla, seg\u00fan un reporte de la agencia estatal ABI.<\/p>\n<p style=\"text-align: justify;\">Este lunes se realizaron simulacros de empadronamiento censal. En el caso del departamento de Chuquisaca, el encargado del Censo, Franz Mamani, inform\u00f3 que se distribuy\u00f3 el malet\u00edn censal a los voluntarios, para que estos hagan el recorrido que ya se les traz\u00f3, para que visiten a familias y les empadronen.<\/p>\n","protected":false},"excerpt":{"rendered":"<p>El director ejecutivo del Instituto Nacional de Estad\u00edstica (INE), Humberto Arandia, inform\u00f3 este lunes que la poblaci\u00f3n damnificada a ra\u00edz de las lluvias en el pa\u00eds ser\u00e1 censada en albergues, seg\u00fan el protocolo establecido en esa instituci\u00f3n. \u201cDel 17 al 22 de marzo, el protocolo consiste en el establecimiento de albergues en caso de eventos [&hellip;]<\/p>\n","protected":false},"author":4,"featured_media":64160,"comment_status":"open","ping_status":"closed","sticky":false,"template":"","format":"standard","meta":{"footnotes":""},"categories":[20],"tags":[],"class_list":{"0":"post-64159","1":"post","2":"type-post","3":"status-publish","4":"format-standard","5":"has-post-thumbnail","7":"category-actualidad"},"_links":{"self":[{"href":"https:\/\/jms.com.bo\/mediamonitor\/wp-json\/wp\/v2\/posts\/64159","targetHints":{"allow":["GET"]}}],"collection":[{"href":"https:\/\/jms.com.bo\/mediamonitor\/wp-json\/wp\/v2\/posts"}],"about":[{"href":"https:\/\/jms.com.bo\/mediamonitor\/wp-json\/wp\/v2\/types\/post"}],"author":[{"embeddable":true,"href":"https:\/\/jms.com.bo\/mediamonitor\/wp-json\/wp\/v2\/users\/4"}],"replies":[{"embeddable":true,"href":"https:\/\/jms.com.bo\/mediamonitor\/wp-json\/wp\/v2\/comments?post=64159"}],"version-history":[{"count":0,"href":"https:\/\/jms.com.bo\/mediamonitor\/wp-json\/wp\/v2\/posts\/64159\/revisions"}],"wp:featuredmedia":[{"embeddable":true,"href":"https:\/\/jms.com.bo\/mediamonitor\/wp-json\/wp\/v2\/media\/64160"}],"wp:attachment":[{"href":"https:\/\/jms.com.bo\/mediamonitor\/wp-json\/wp\/v2\/media?parent=64159"}],"wp:term":[{"taxonomy":"category","embeddable":true,"href":"https:\/\/jms.com.bo\/mediamonitor\/wp-json\/wp\/v2\/categories?post=64159"},{"taxonomy":"post_tag","embeddable":true,"href":"https:\/\/jms.com.bo\/mediamonitor\/wp-json\/wp\/v2\/tags?post=64159"}],"curies":[{"name":"wp","href":"https:\/\/api.w.org\/{rel}","templated":true}]}}