{"id":64161,"date":"2024-03-12T07:38:50","date_gmt":"2024-03-12T11:38:50","guid":{"rendered":"https:\/\/jms.com.bo\/mediamonitor\/2024\/03\/12\/pando-y-la-paz-siguen-en-alerta-roja-por-desbordes-y-la-cifra-de-muertos-sube-a-51\/"},"modified":"2024-03-12T07:38:50","modified_gmt":"2024-03-12T11:38:50","slug":"pando-y-la-paz-siguen-en-alerta-roja-por-desbordes-y-la-cifra-de-muertos-sube-a-51","status":"publish","type":"post","link":"https:\/\/jms.com.bo\/mediamonitor\/2024\/03\/12\/pando-y-la-paz-siguen-en-alerta-roja-por-desbordes-y-la-cifra-de-muertos-sube-a-51\/","title":{"rendered":"Pando y La Paz siguen en alerta roja por desbordes y la cifra de muertos sube a 51"},"content":{"rendered":"<p style=\"text-align: justify;\">Los departamentos de Pando y La Paz se mantienen en alerta roja por el riesgo de desbordes de los r\u00edos y en el resto del pa\u00eds contin\u00faa la emergencia por las persistentes lluvias.<\/p>\n<p style=\"text-align: justify;\">Los \u00faltimos d\u00edas se presentaron riadas e inundaciones en la zona sur de la ciudad de La Paz y en unos 13 municipios de Cochabamba; hay casas destruidas, caminos da\u00f1ados y cultivos perdidos.<\/p>\n<p style=\"text-align: justify;\">En Bolivia hay 43.571 familias afectadas y 51 fallecidos,133 municipios y 533 comunidades afectadas a causa de inundaciones, inform\u00f3 ayer el viceministro de Defensa Civil, Juan Carlos Calvimontes.<\/p>\n<p style=\"text-align: justify;\">El departamento pace\u00f1o es el m\u00e1s afectado, seguido de Cochabamba, Santa Cruz, Oruro, Potos\u00ed, Chuquisaca, Pando, Beni y Tarija.<\/p>\n<p style=\"text-align: justify;\">En Cobija contin\u00faan los trabajos de limpieza y rehabilitaci\u00f3n para volver a la normalidad. Los padres de familia se organizaron para contratar transporte para el traslado del mobiliario para que sus hijos pasen clases mientras siguen las tareas de limpieza y refacci\u00f3n de las escuelas deterioradas por la inundaci\u00f3n.<\/p>\n<p style=\"text-align: justify;\">En La Paz hay 20 puntos cr\u00edticos en la zona sur. Los m\u00e1s afectados por el desborde de r\u00edos que se llev\u00f3 viviendas y predios son Callapa, Irpavi, Achumani, Amor de Dios y Aranjuez. Adem\u00e1s, se report\u00f3 el fallecimiento de dos personas, una de ellas era obrero.<\/p>\n<p style=\"text-align: justify;\">El ministro de Defensa, Edmundo Novillo, inform\u00f3 que se implementar\u00e1n cinco acciones para atender la emergencia en La Paz. Entre las principales tareas est\u00e1n la limpieza de la mazamorra, cascajos y piedras; la habilitaci\u00f3n de las v\u00edas, y el funcionamiento de los servicios como luz y agua.<\/p>\n<p style=\"text-align: justify;\">Se prev\u00e9 el trabajo de maquinaria pesada, entre volquetas, topadoras, retroexcavadoras para el reencauce los r\u00edos, tambi\u00e9n se construir\u00e1n muros de contenci\u00f3n.<\/p>\n<p style=\"text-align: justify;\">Salud<\/p>\n<p style=\"text-align: justify;\">En el \u00e1mbito nacional se desplegaron unas 60 brigadas m\u00e9dicas especializadas en la atenci\u00f3n en situaciones de emergencias y desastres que est\u00e1n desplazadas en municipios afectados por las inundaciones en todo el territorio nacional, inform\u00f3 este lunes el jefe de la Unidad de Gesti\u00f3n de Riesgos del Ministerio de Salud, Milton Gonz\u00e1lez.<\/p>\n<p style=\"text-align: justify;\">Entre las atenciones m\u00e1s recurrentes est\u00e1n infecciones respiratorias, resfr\u00edo com\u00fan, faringoamigdalitis, enfermedades diarreicas agudas, dermatitis y enfermedades cut\u00e1neas, adem\u00e1s de casos de pacientes con diabetes e hipertensi\u00f3n.<\/p>\n<p style=\"text-align: justify;\">Las acciones de los brigadistas<\/p>\n<p style=\"text-align: justify;\">En las \u00faltimas emergencias, las brigadas de salud prestaron m\u00e1s de 3.280 atenciones en los municipios, de las cuales 3.030 corresponden al departamento de Pando, que fue el m\u00e1s afectado por los eventos climatol\u00f3gicos adversos.<\/p>\n<p style=\"text-align: justify;\">Los m\u00e9dicos recomiendan el uso de botas para realizar las tareas de limpieza para evitar contraer otras enfermedades que se presentan en el agua contaminada.<\/p>\n<p style=\"text-align: justify;\">Persisten las campa\u00f1as solidarias para enviar ayuda a las zonas damnificadas donde muchas las familias perdieron todo.<\/p>\n<p style=\"text-align: justify;\">\n","protected":false},"excerpt":{"rendered":"<p>Los departamentos de Pando y La Paz se mantienen en alerta roja por el riesgo de desbordes de los r\u00edos y en el resto del pa\u00eds contin\u00faa la emergencia por las persistentes lluvias. Los \u00faltimos d\u00edas se presentaron riadas e inundaciones en la zona sur de la ciudad de La Paz y en unos 13 [&hellip;]<\/p>\n","protected":false},"author":4,"featured_media":64162,"comment_status":"open","ping_status":"closed","sticky":false,"template":"","format":"standard","meta":{"footnotes":""},"categories":[20,47,48],"tags":[],"class_list":{"0":"post-64161","1":"post","2":"type-post","3":"status-publish","4":"format-standard","5":"has-post-thumbnail","7":"category-actualidad","8":"category-portada-actualidad","9":"category-portada-general-sitio"},"_links":{"self":[{"href":"https:\/\/jms.com.bo\/mediamonitor\/wp-json\/wp\/v2\/posts\/64161","targetHints":{"allow":["GET"]}}],"collection":[{"href":"https:\/\/jms.com.bo\/mediamonitor\/wp-json\/wp\/v2\/posts"}],"about":[{"href":"https:\/\/jms.com.bo\/mediamonitor\/wp-json\/wp\/v2\/types\/post"}],"author":[{"embeddable":true,"href":"https:\/\/jms.com.bo\/mediamonitor\/wp-json\/wp\/v2\/users\/4"}],"replies":[{"embeddable":true,"href":"https:\/\/jms.com.bo\/mediamonitor\/wp-json\/wp\/v2\/comments?post=64161"}],"version-history":[{"count":0,"href":"https:\/\/jms.com.bo\/mediamonitor\/wp-json\/wp\/v2\/posts\/64161\/revisions"}],"wp:featuredmedia":[{"embeddable":true,"href":"https:\/\/jms.com.bo\/mediamonitor\/wp-json\/wp\/v2\/media\/64162"}],"wp:attachment":[{"href":"https:\/\/jms.com.bo\/mediamonitor\/wp-json\/wp\/v2\/media?parent=64161"}],"wp:term":[{"taxonomy":"category","embeddable":true,"href":"https:\/\/jms.com.bo\/mediamonitor\/wp-json\/wp\/v2\/categories?post=64161"},{"taxonomy":"post_tag","embeddable":true,"href":"https:\/\/jms.com.bo\/mediamonitor\/wp-json\/wp\/v2\/tags?post=64161"}],"curies":[{"name":"wp","href":"https:\/\/api.w.org\/{rel}","templated":true}]}}