{"id":64163,"date":"2024-03-12T07:41:06","date_gmt":"2024-03-12T11:41:06","guid":{"rendered":"https:\/\/jms.com.bo\/mediamonitor\/2024\/03\/12\/el-gobierno-incumple-mandato-de-la-justicia-dice-camacho-que-anuncia-acciones-legales-contra-autoridades-penitenciarias\/"},"modified":"2024-03-12T07:41:06","modified_gmt":"2024-03-12T11:41:06","slug":"el-gobierno-incumple-mandato-de-la-justicia-dice-camacho-que-anuncia-acciones-legales-contra-autoridades-penitenciarias","status":"publish","type":"post","link":"https:\/\/jms.com.bo\/mediamonitor\/2024\/03\/12\/el-gobierno-incumple-mandato-de-la-justicia-dice-camacho-que-anuncia-acciones-legales-contra-autoridades-penitenciarias\/","title":{"rendered":"\u201cEl Gobierno incumple mandato de la Justicia\u201d, dice Camacho que anuncia acciones legales contra autoridades penitenciarias"},"content":{"rendered":"<p style=\"text-align: justify;\">En un mensaje difundido en las redes sociales, el gobernador cruce\u00f1o, Luis Fernando Camacho, se\u00f1al\u00f3 al gobierno de Luis Arce de \u201cincumplir el mandato de la justicia\u201d y anunci\u00f3 \u201cacciones en contra de las autoridades penitenciarias\u201d que desacataron la orden judicial.<\/p>\n<p style=\"text-align: justify;\">\u201cA pesar de que un juez competente ha ordenado su traslado a Santa Cruz, el gobierno incumpli\u00f3 ese mandato de la justicia. Eso constituye un grav\u00edsimo atropello a la leg\u00edtima defensa y a los derechos constitucionales del Gobernador de Santa Cruz\u201d, indic\u00f3 Camacho, en una publicaci\u00f3n difundida en redes sociales.<\/p>\n<p style=\"text-align: justify;\">La autoridad consider\u00f3 que Arce cre\u00f3 un \u201cantecedente funesto para la democracia\u201d y anunci\u00f3 acciones legales.<\/p>\n<p style=\"text-align: justify;\">\u201cIniciaremos acciones en contra de las autoridades penitenciarias que desacatan las \u00f3rdenes de la justicia y se niegan a trasladar al gobernador Luis Fernando Camacho a Santa Cruz\u201d, agreg\u00f3.<\/p>\n<p style=\"text-align: justify;\">Este lunes se suspendi\u00f3 el inicio la audiencia del juicio oral por el caso del Decreto Departamental 373, en la que el principal acusado es Camacho, quien no estuvo presente debido a que R\u00e9gimen Penitenciario no ejecut\u00f3 su traslado desde el penal de Chonchocoro hasta la capital cruce\u00f1a.<\/p>\n<p style=\"text-align: justify;\">La nueva fecha para la audiencia se fij\u00f3 para 11 de abril a las 8:15, y deber\u00e1 est\u00e1r presente el gobernador Camacho.<\/p>\n","protected":false},"excerpt":{"rendered":"<p>En un mensaje difundido en las redes sociales, el gobernador cruce\u00f1o, Luis Fernando Camacho, se\u00f1al\u00f3 al gobierno de Luis Arce de \u201cincumplir el mandato de la justicia\u201d y anunci\u00f3 \u201cacciones en contra de las autoridades penitenciarias\u201d que desacataron la orden judicial. \u201cA pesar de que un juez competente ha ordenado su traslado a Santa Cruz, [&hellip;]<\/p>\n","protected":false},"author":4,"featured_media":64164,"comment_status":"open","ping_status":"closed","sticky":false,"template":"","format":"standard","meta":{"footnotes":""},"categories":[1],"tags":[],"class_list":{"0":"post-64163","1":"post","2":"type-post","3":"status-publish","4":"format-standard","5":"has-post-thumbnail","7":"category-uncategorized"},"_links":{"self":[{"href":"https:\/\/jms.com.bo\/mediamonitor\/wp-json\/wp\/v2\/posts\/64163","targetHints":{"allow":["GET"]}}],"collection":[{"href":"https:\/\/jms.com.bo\/mediamonitor\/wp-json\/wp\/v2\/posts"}],"about":[{"href":"https:\/\/jms.com.bo\/mediamonitor\/wp-json\/wp\/v2\/types\/post"}],"author":[{"embeddable":true,"href":"https:\/\/jms.com.bo\/mediamonitor\/wp-json\/wp\/v2\/users\/4"}],"replies":[{"embeddable":true,"href":"https:\/\/jms.com.bo\/mediamonitor\/wp-json\/wp\/v2\/comments?post=64163"}],"version-history":[{"count":0,"href":"https:\/\/jms.com.bo\/mediamonitor\/wp-json\/wp\/v2\/posts\/64163\/revisions"}],"wp:featuredmedia":[{"embeddable":true,"href":"https:\/\/jms.com.bo\/mediamonitor\/wp-json\/wp\/v2\/media\/64164"}],"wp:attachment":[{"href":"https:\/\/jms.com.bo\/mediamonitor\/wp-json\/wp\/v2\/media?parent=64163"}],"wp:term":[{"taxonomy":"category","embeddable":true,"href":"https:\/\/jms.com.bo\/mediamonitor\/wp-json\/wp\/v2\/categories?post=64163"},{"taxonomy":"post_tag","embeddable":true,"href":"https:\/\/jms.com.bo\/mediamonitor\/wp-json\/wp\/v2\/tags?post=64163"}],"curies":[{"name":"wp","href":"https:\/\/api.w.org\/{rel}","templated":true}]}}