{"id":64165,"date":"2024-03-12T07:42:21","date_gmt":"2024-03-12T11:42:21","guid":{"rendered":"https:\/\/jms.com.bo\/mediamonitor\/2024\/03\/12\/cusi-insiste-en-su-propuesta-de-pena-de-muerte-para-corruptos-y-dice-al-diablo-los-derechos-humanos\/"},"modified":"2024-03-12T07:42:21","modified_gmt":"2024-03-12T11:42:21","slug":"cusi-insiste-en-su-propuesta-de-pena-de-muerte-para-corruptos-y-dice-al-diablo-los-derechos-humanos","status":"publish","type":"post","link":"https:\/\/jms.com.bo\/mediamonitor\/2024\/03\/12\/cusi-insiste-en-su-propuesta-de-pena-de-muerte-para-corruptos-y-dice-al-diablo-los-derechos-humanos\/","title":{"rendered":"Cusi insiste en su propuesta de pena de muerte para corruptos y dice \u2018al diablo los derechos humanos\u2019"},"content":{"rendered":"<p style=\"text-align: justify;\">El exmagistrado Gualberto Cusi ratific\u00f3 su propuesta de implementar en Bolivia la pena de muerte para los administradores de justicia que sean corruptos, porque considera que esa instituci\u00f3n est\u00e1 en una \u00abcrisis total\u00bb.<\/p>\n<p style=\"text-align: justify;\">\u00abYo digo, al diablo los derechos humanos, hay que atacar la corrupci\u00f3n, hay que matar la corrupci\u00f3n\u00bb, expres\u00f3 la exautoridad ante los medios.<\/p>\n<p style=\"text-align: justify;\">Seg\u00fan Cusi, en el \u00d3rgano Judicial \u00abtodo es plata, plata, plata\u00bb.<\/p>\n<p style=\"text-align: justify;\">Reconoci\u00f3 que su propuesta recibir\u00eda cuestionamientos, sin embargo, puso como ejemplo a Singapur y dijo que ese pa\u00eds implement\u00f3 la pena de muerte y ahora es pr\u00f3spero y seguro.<\/p>\n<p style=\"text-align: justify;\">Gualberto Cusi realiz\u00f3 estas declaraciones luego de presentar su candidatura para magistrado del Tribunal Agroambiental. Anteriormente fue magistrado del Tribunal Constitucional Plurinacional.<\/p>\n","protected":false},"excerpt":{"rendered":"<p>El exmagistrado Gualberto Cusi ratific\u00f3 su propuesta de implementar en Bolivia la pena de muerte para los administradores de justicia que sean corruptos, porque considera que esa instituci\u00f3n est\u00e1 en una \u00abcrisis total\u00bb. \u00abYo digo, al diablo los derechos humanos, hay que atacar la corrupci\u00f3n, hay que matar la corrupci\u00f3n\u00bb, expres\u00f3 la exautoridad ante los [&hellip;]<\/p>\n","protected":false},"author":4,"featured_media":64166,"comment_status":"open","ping_status":"closed","sticky":false,"template":"","format":"standard","meta":{"footnotes":""},"categories":[18],"tags":[],"class_list":{"0":"post-64165","1":"post","2":"type-post","3":"status-publish","4":"format-standard","5":"has-post-thumbnail","7":"category-politica"},"_links":{"self":[{"href":"https:\/\/jms.com.bo\/mediamonitor\/wp-json\/wp\/v2\/posts\/64165","targetHints":{"allow":["GET"]}}],"collection":[{"href":"https:\/\/jms.com.bo\/mediamonitor\/wp-json\/wp\/v2\/posts"}],"about":[{"href":"https:\/\/jms.com.bo\/mediamonitor\/wp-json\/wp\/v2\/types\/post"}],"author":[{"embeddable":true,"href":"https:\/\/jms.com.bo\/mediamonitor\/wp-json\/wp\/v2\/users\/4"}],"replies":[{"embeddable":true,"href":"https:\/\/jms.com.bo\/mediamonitor\/wp-json\/wp\/v2\/comments?post=64165"}],"version-history":[{"count":0,"href":"https:\/\/jms.com.bo\/mediamonitor\/wp-json\/wp\/v2\/posts\/64165\/revisions"}],"wp:featuredmedia":[{"embeddable":true,"href":"https:\/\/jms.com.bo\/mediamonitor\/wp-json\/wp\/v2\/media\/64166"}],"wp:attachment":[{"href":"https:\/\/jms.com.bo\/mediamonitor\/wp-json\/wp\/v2\/media?parent=64165"}],"wp:term":[{"taxonomy":"category","embeddable":true,"href":"https:\/\/jms.com.bo\/mediamonitor\/wp-json\/wp\/v2\/categories?post=64165"},{"taxonomy":"post_tag","embeddable":true,"href":"https:\/\/jms.com.bo\/mediamonitor\/wp-json\/wp\/v2\/tags?post=64165"}],"curies":[{"name":"wp","href":"https:\/\/api.w.org\/{rel}","templated":true}]}}