{"id":64167,"date":"2024-03-12T07:44:00","date_gmt":"2024-03-12T11:44:00","guid":{"rendered":"https:\/\/jms.com.bo\/mediamonitor\/2024\/03\/12\/analizan-ampliar-registro-para-el-tcp-y-tsj-por-falta-de-mujeres-e-indigenas\/"},"modified":"2024-03-12T07:44:00","modified_gmt":"2024-03-12T11:44:00","slug":"analizan-ampliar-registro-para-el-tcp-y-tsj-por-falta-de-mujeres-e-indigenas","status":"publish","type":"post","link":"https:\/\/jms.com.bo\/mediamonitor\/2024\/03\/12\/analizan-ampliar-registro-para-el-tcp-y-tsj-por-falta-de-mujeres-e-indigenas\/","title":{"rendered":"Analizan ampliar registro para el TCP y TSJ por falta de mujeres e ind\u00edgenas"},"content":{"rendered":"<p style=\"text-align: justify;\">La Comisi\u00f3n Mixta de Constituci\u00f3n no pudo iniciar la verificaci\u00f3n de requisitos habilitantes de los postulantes a los cargos del Tribunal Supremo de Justicia (TSJ) y el Tribunal Constitucional Plurinacional (TCP) debido a que estar\u00eda en riesgo el proceso por la falta de mujeres y representaci\u00f3n ind\u00edgena originaria campesina en algunos departamentos, por lo que se plante\u00f3 la posibilidad de ampliar plazo de recepci\u00f3n de documentos por 15 d\u00edas. La Comisi\u00f3n analizar\u00e1 hoy esa posibilidad.<\/p>\n<p style=\"text-align: justify;\">De acuerdo con los datos proporcionados por Secretar\u00eda T\u00e9cnica de la Comisi\u00f3n, los departamentos de Cochabamba, Beni y Pando s\u00f3lo tienen registradas a dos mujeres para el Tribunal Constitucional y la autoidentificaci\u00f3n es m\u00e1s cr\u00edtica en Tarija, que no tiene; en tanto, Santa Cruz y Beni s\u00f3lo tienen a un representante.<\/p>\n<p style=\"text-align: justify;\">En lo que hace al Supremo de Justicia, en el tema de las mujeres var\u00eda un poco, pero en lo que hace a autoidentificaci\u00f3n, Beni y Pando no tienen postulantes.<\/p>\n<p style=\"text-align: justify;\">En ese orden, la senadora Andrea Barrientos (CC) expres\u00f3 su preocupaci\u00f3n porque, pese a haberse cumplido con la cantidad requerida de inscritos, avanzado el proceso se podr\u00eda declarar desierto por la situaci\u00f3n de paridad.<\/p>\n<p style=\"text-align: justify;\">\u201cNo podemos evitar hacer notar nuestra preocupaci\u00f3n por la poca cantidad de mujeres. Puede derivar en que, al avanzar el proceso, tengamos una seria dificultad para continuar y podr\u00edamos declarar desierto (&#8230;) planteamos que se deber\u00eda aprobar un proyecto de ley de excepci\u00f3n que ampl\u00ede la convocatoria solamente para la recepci\u00f3n de documentos por 15 d\u00edas para que podamos tener mayor cantidad de mujeres inscritas y no corramos el riesgo de que se declare desierta la convocatoria\u201d, afirm\u00f3 la senadora Andrea Barrientos (CC) en el pleno.<\/p>\n<p style=\"text-align: justify;\">Esta posici\u00f3n fue apoyada por el diputado Juan Jos\u00e9 J\u00e1uregui (MAS), adem\u00e1s de hacer notar que el tema de representaci\u00f3n ind\u00edgena tambi\u00e9n estar\u00eda en riesgo, toda vez que hay departamentos que no presentan postulantes y esto se tiene que cumplir conforme exigen las normas.<\/p>\n<p style=\"text-align: justify;\">Blindado<\/p>\n<p style=\"text-align: justify;\">Sin embargo, la senadora Silvia Salame, adscrita a la Comisi\u00f3n, refiri\u00f3 que, para superar estos problemas, se estableci\u00f3 en la norma 1549 que, de ocurrir esta situaci\u00f3n, mujeres o ind\u00edgenas de otros departamentos pueden llenar los cupos de los que requieran.<\/p>\n<p style=\"text-align: justify;\">El par\u00e1grafo II del art\u00edculo 37 de la Ley 1549 se\u00f1ala que \u201cexcepcionalmente, a falta de un representante ind\u00edgena originario campesino o en caso de que no se llegue a la equidad de g\u00e9nero, se habilitar\u00e1 a la o el postulante que tenga la siguiente mejor calificaci\u00f3n que sea ind\u00edgena originario campesino o mujer, seg\u00fan corresponda, del n\u00famero total de postulantes a nivel nacional\u201d.<\/p>\n<p style=\"text-align: justify;\">Ante esta situaci\u00f3n y para definir acciones, la presidencia de la Comisi\u00f3n Mixta de Constituci\u00f3n determin\u00f3 cuarto intermedio hasta las 14:00 de este martes.<\/p>\n<p style=\"text-align: justify;\">La ley establece convocatoria desierta<\/p>\n<p style=\"text-align: justify;\">El art\u00edculo 38 de la Ley 1549 refiere que \u201cen el caso de que el n\u00famero de postulantes en relaci\u00f3n a cada Tribunal y Consejo de la Magistratura sea insuficiente para llevar adelante una elecci\u00f3n competitiva o para cumplir con las exigencias constitucionales de g\u00e9nero y plurinacionalidad, la Asamblea Legislativa Plurinacional declarar\u00e1 desierta la convocatoria, previo informe fundamentado de la Comisi\u00f3n Mixta correspondiente en las etapas del proceso\u201d.<\/p>\n<p style=\"text-align: justify;\">Observan que participan autoridades prorrogadas<\/p>\n<p style=\"text-align: justify;\">Tras conocerse la cantidad y los nombres de los postulantes, los cuestionamientos no se dejaron esperar, toda vez que algunos est\u00e1n en los cargos de magistrados ilegalmente; otros, identificados con el evismo o de estar involucrados en la negociaci\u00f3n de puestos de trabajo.<\/p>\n<p style=\"text-align: justify;\">El presidente prorrogado del Consejo de la Magistratura, Marvin Arsenio Molina Casanova, present\u00f3 su postulaci\u00f3n al Tribunal Supremo de Justicia (TSJ).<\/p>\n<p style=\"text-align: justify;\">El consejero fue involucrado, mediante un audio, en la negociaci\u00f3n de nombramientos en el sistema judicial e incluso adelantar jugadas para \u201cestas elecciones judiciales y copar los cargos en las altas esferas del sistema de justicia.<\/p>\n<p style=\"text-align: justify;\">Otros prorrogados tambi\u00e9n son observados como Olvis Eg\u00fcez, Juan Carlos Berrios, Ricardo Torres y Edwin Aguayo.<\/p>\n<p style=\"text-align: justify;\">En ese contexto, en el Legislativo, la oposici\u00f3n y los evistas buscan la aprobaci\u00f3n de las normas 073 y 075 denominadas antipr\u00f3rrogas.<\/p>\n<p style=\"text-align: justify;\">Sin embargo, el ministro de Justicia, Iv\u00e1n Lima, prev\u00e9 enfrentamiento entre el TCP y el Legislativo.<\/p>\n","protected":false},"excerpt":{"rendered":"<p>La Comisi\u00f3n Mixta de Constituci\u00f3n no pudo iniciar la verificaci\u00f3n de requisitos habilitantes de los postulantes a los cargos del Tribunal Supremo de Justicia (TSJ) y el Tribunal Constitucional Plurinacional (TCP) debido a que estar\u00eda en riesgo el proceso por la falta de mujeres y representaci\u00f3n ind\u00edgena originaria campesina en algunos departamentos, por lo que [&hellip;]<\/p>\n","protected":false},"author":4,"featured_media":64168,"comment_status":"open","ping_status":"closed","sticky":false,"template":"","format":"standard","meta":{"footnotes":""},"categories":[18,48,46],"tags":[],"class_list":{"0":"post-64167","1":"post","2":"type-post","3":"status-publish","4":"format-standard","5":"has-post-thumbnail","7":"category-politica","8":"category-portada-general-sitio","9":"category-portada-politica"},"_links":{"self":[{"href":"https:\/\/jms.com.bo\/mediamonitor\/wp-json\/wp\/v2\/posts\/64167","targetHints":{"allow":["GET"]}}],"collection":[{"href":"https:\/\/jms.com.bo\/mediamonitor\/wp-json\/wp\/v2\/posts"}],"about":[{"href":"https:\/\/jms.com.bo\/mediamonitor\/wp-json\/wp\/v2\/types\/post"}],"author":[{"embeddable":true,"href":"https:\/\/jms.com.bo\/mediamonitor\/wp-json\/wp\/v2\/users\/4"}],"replies":[{"embeddable":true,"href":"https:\/\/jms.com.bo\/mediamonitor\/wp-json\/wp\/v2\/comments?post=64167"}],"version-history":[{"count":0,"href":"https:\/\/jms.com.bo\/mediamonitor\/wp-json\/wp\/v2\/posts\/64167\/revisions"}],"wp:featuredmedia":[{"embeddable":true,"href":"https:\/\/jms.com.bo\/mediamonitor\/wp-json\/wp\/v2\/media\/64168"}],"wp:attachment":[{"href":"https:\/\/jms.com.bo\/mediamonitor\/wp-json\/wp\/v2\/media?parent=64167"}],"wp:term":[{"taxonomy":"category","embeddable":true,"href":"https:\/\/jms.com.bo\/mediamonitor\/wp-json\/wp\/v2\/categories?post=64167"},{"taxonomy":"post_tag","embeddable":true,"href":"https:\/\/jms.com.bo\/mediamonitor\/wp-json\/wp\/v2\/tags?post=64167"}],"curies":[{"name":"wp","href":"https:\/\/api.w.org\/{rel}","templated":true}]}}