{"id":64179,"date":"2024-03-12T07:53:31","date_gmt":"2024-03-12T11:53:31","guid":{"rendered":"https:\/\/jms.com.bo\/mediamonitor\/2024\/03\/12\/el-banco-mundial-le-da-30-dias-a-bolivia-para-aprobar-credito-de-us-125-millones\/"},"modified":"2024-03-12T07:53:31","modified_gmt":"2024-03-12T11:53:31","slug":"el-banco-mundial-le-da-30-dias-a-bolivia-para-aprobar-credito-de-us-125-millones","status":"publish","type":"post","link":"https:\/\/jms.com.bo\/mediamonitor\/2024\/03\/12\/el-banco-mundial-le-da-30-dias-a-bolivia-para-aprobar-credito-de-us-125-millones\/","title":{"rendered":"El Banco Mundial le da 30 d\u00edas a Bolivia para aprobar cr\u00e9dito de $us 125 millones"},"content":{"rendered":"<p style=\"text-align: justify;\">El Banco Mundial le dio un plazo de 30 d\u00edas a Bolivia para responder sobre la aprobaci\u00f3n del cr\u00e9dito de $us 125 millones destinados al \u201cProyecto Mejora de Acceso Sostenible a la Electricidad en Bolivia-IDTR II\u201d, inform\u00f3 este lunes la vocera del Ministerio de Hidrocarburos, Roc\u00edo Molina.<\/p>\n<p style=\"text-align: justify;\">El cr\u00e9dito, al igual que otros cinco, se encuentra en la C\u00e1mara de Senadores, que a\u00fan no lo agend\u00f3 para su tratamiento.<\/p>\n<p style=\"text-align: justify;\">\u201cAqu\u00ed tengo una nota del Banco Mundial que, definitivamente, nos preocupa porque con estas actitudes de negligencia pol\u00edtica, estamos poniendo en riesgo el cr\u00e9dito; 30 d\u00edas m\u00e1s nos dice el Banco Mundial, por favor denme una respuesta\u201d, inform\u00f3, en conferencia de prensa.<\/p>\n<p style=\"text-align: justify;\">Asimismo, Molina advirti\u00f3 que lo mismo puede ocurrir con otro cr\u00e9dito del Banco Interamericano de Desarrollo (BID) por $us 200 millones; destinado a la tercera fase de electrificaci\u00f3n rural. Remarc\u00f3 que los financiadores comenzaron a indagar sobre el estado actual del programa.<\/p>\n<p style=\"text-align: justify;\">\u201cOjal\u00e1 que no suceda (que se revierta el cr\u00e9dito), se van a anteponer todas las gestiones que sean necesarias; pero se est\u00e1 poniendo en riesgo incluso la fe del pa\u00eds. Desde hace un a\u00f1o que est\u00e1n durmiendo (cr\u00e9ditos) en la Asamblea Legislativa Plurinacional\u201d.<\/p>\n<p style=\"text-align: justify;\">Explic\u00f3 que los cr\u00e9ditos abarcan 150 municipios de los nueve departamentos del pa\u00eds y benefician a m\u00e1s de 100.000 familias del \u00e1rea rural.<\/p>\n<p style=\"text-align: justify;\">Banco Mundial<br \/>\nPara Molina, es importante que los senadores respalden esta iniciativa que favorece a sectores que hasta ahora carecen de acceso al servicio de electricidad. Asimismo, se\u00f1al\u00f3 que, a diferencia de otras gestiones; estos cr\u00e9ditos no requieren contraparte municipal ni departamental; lo que adem\u00e1s facilita la introducci\u00f3n de un servicio b\u00e1sico en las comunidades.<\/p>\n<p style=\"text-align: justify;\">\u201cM\u00e1s de medio mill\u00f3n de personas est\u00e1n siendo castigadas por el Senado por no agendar y aprobar los cr\u00e9ditos. Hacemos un llamado a quienes se dicen padres de la patria; pero que en este momento est\u00e1n haciendo prevalecer sus intereses personales y partidarios antes que los beneficios de la poblaci\u00f3n\u201d.<\/p>\n<p style=\"text-align: justify;\">Los dos cr\u00e9ditos est\u00e1n incluidos en el proyecto de Ley 254\/2023-2024 que fue aprobado a inicios de mes en la C\u00e1mara de Diputados, junto con otros cinco.<\/p>\n<p style=\"text-align: justify;\">Fueron remitidos al Senado para su revisi\u00f3n el 4 de marzo; sin embargo, el presidente de esta instancia, Andr\u00f3nico Rodr\u00edguez (MAS), dej\u00f3 en suspenso su tratamiento aduciendo la solicitud de mayor documentaci\u00f3n a Diputados.<\/p>\n<p style=\"text-align: justify;\">De los seis proyectos de ley, solo dos, el referido a la construcci\u00f3n con pavimento del camino Faja Norte (Yapacan\u00ed) y el vinculado al mejoramiento; y ampliaci\u00f3n a ocho carriles en la carretera La Paz-Oruro, tramo Senkata-Apacheta, fueron remitidos a la Comisi\u00f3n de Planificaci\u00f3n del Senado, para iniciar el tr\u00e1mite de aprobaci\u00f3n.<\/p>\n","protected":false},"excerpt":{"rendered":"<p>El Banco Mundial le dio un plazo de 30 d\u00edas a Bolivia para responder sobre la aprobaci\u00f3n del cr\u00e9dito de $us 125 millones destinados al \u201cProyecto Mejora de Acceso Sostenible a la Electricidad en Bolivia-IDTR II\u201d, inform\u00f3 este lunes la vocera del Ministerio de Hidrocarburos, Roc\u00edo Molina. El cr\u00e9dito, al igual que otros cinco, se [&hellip;]<\/p>\n","protected":false},"author":4,"featured_media":64180,"comment_status":"open","ping_status":"closed","sticky":false,"template":"","format":"standard","meta":{"footnotes":""},"categories":[39],"tags":[],"class_list":{"0":"post-64179","1":"post","2":"type-post","3":"status-publish","4":"format-standard","5":"has-post-thumbnail","7":"category-energia"},"_links":{"self":[{"href":"https:\/\/jms.com.bo\/mediamonitor\/wp-json\/wp\/v2\/posts\/64179","targetHints":{"allow":["GET"]}}],"collection":[{"href":"https:\/\/jms.com.bo\/mediamonitor\/wp-json\/wp\/v2\/posts"}],"about":[{"href":"https:\/\/jms.com.bo\/mediamonitor\/wp-json\/wp\/v2\/types\/post"}],"author":[{"embeddable":true,"href":"https:\/\/jms.com.bo\/mediamonitor\/wp-json\/wp\/v2\/users\/4"}],"replies":[{"embeddable":true,"href":"https:\/\/jms.com.bo\/mediamonitor\/wp-json\/wp\/v2\/comments?post=64179"}],"version-history":[{"count":0,"href":"https:\/\/jms.com.bo\/mediamonitor\/wp-json\/wp\/v2\/posts\/64179\/revisions"}],"wp:featuredmedia":[{"embeddable":true,"href":"https:\/\/jms.com.bo\/mediamonitor\/wp-json\/wp\/v2\/media\/64180"}],"wp:attachment":[{"href":"https:\/\/jms.com.bo\/mediamonitor\/wp-json\/wp\/v2\/media?parent=64179"}],"wp:term":[{"taxonomy":"category","embeddable":true,"href":"https:\/\/jms.com.bo\/mediamonitor\/wp-json\/wp\/v2\/categories?post=64179"},{"taxonomy":"post_tag","embeddable":true,"href":"https:\/\/jms.com.bo\/mediamonitor\/wp-json\/wp\/v2\/tags?post=64179"}],"curies":[{"name":"wp","href":"https:\/\/api.w.org\/{rel}","templated":true}]}}