{"id":64189,"date":"2024-03-13T06:52:29","date_gmt":"2024-03-13T10:52:29","guid":{"rendered":"https:\/\/jms.com.bo\/mediamonitor\/2024\/03\/13\/medicos-van-hoy-al-paro-en-rechazo-a-la-jubilacion-obligatoria-a-los-65-anos\/"},"modified":"2024-03-13T06:52:29","modified_gmt":"2024-03-13T10:52:29","slug":"medicos-van-hoy-al-paro-en-rechazo-a-la-jubilacion-obligatoria-a-los-65-anos","status":"publish","type":"post","link":"https:\/\/jms.com.bo\/mediamonitor\/2024\/03\/13\/medicos-van-hoy-al-paro-en-rechazo-a-la-jubilacion-obligatoria-a-los-65-anos\/","title":{"rendered":"M\u00e9dicos van hoy al paro en rechazo a la jubilaci\u00f3n obligatoria a los 65 a\u00f1os"},"content":{"rendered":"<p style=\"text-align: justify;\">El personal de salud acatar\u00e1 hoy un paro de actividades en rechazo a la disposici\u00f3n \u00fanica del proyecto de modificaci\u00f3n de la Ley Pensiones que establece la jubilaci\u00f3n a los 65 a\u00f1os, inform\u00f3 el presidente del Colegio M\u00e9dico de Cochabamba, Mario Rolando Iriarte Tames.<\/p>\n<p style=\"text-align: justify;\">La medida es de car\u00e1cter nacional y la atenci\u00f3n se limitar\u00e1 a las urgencias m\u00e9dicas.<\/p>\n<p style=\"text-align: justify;\">En el caso de Cochabamba, dieron un plazo de 48 horas para anular la disposici\u00f3n \u00fanica que hace referencia a la jubilaci\u00f3n obligatoria a los 65 a\u00f1os; caso contrario, advirtieron con un paro de actividades escalonado de 48 horas, de 72 horas, hasta uno de car\u00e1cter indefinido.<\/p>\n<p style=\"text-align: justify;\">Convocaron a otros sectores laborales a sumarse a la protesta que contempla una marcha por las calles del centro cochabambino junto a otras instituciones como la Federaci\u00f3n Universitaria de Docentes (FUD) de la Universidad Mayor de San Sim\u00f3n (UMSS). \u201cLa disposici\u00f3n es inconstitucional y atenta a la dignidad del personal de salud que tendr\u00eda que jubilarse con 2.300 bolivianos\u201d, reclam\u00f3 Iriarte.<\/p>\n<p style=\"text-align: justify;\">Iriarte record\u00f3 que la disposici\u00f3n afectar\u00eda a todos los sectores porque es \u201cuna condena a una jubilaci\u00f3n de pobreza\u201d.<\/p>\n<p style=\"text-align: justify;\">Por su parte, el secretario general del Sirmes, Carlos Nava, explic\u00f3 que el sector salud no est\u00e1 en contra de todo el proyecto de ley de modificaci\u00f3n de la Ley de Pensiones, sino del punto que establece la jubilaci\u00f3n a los 65 a\u00f1os. \u201cEste proyecto de ley atenta contra todos los trabajadores, pero hemos visto un no empirismo en otros sectores. Por ese motivo, el sector salud decidi\u00f3 salir a las calles (&#8230;) Pedimos disculpas a la poblaci\u00f3n: este mi\u00e9rcoles s\u00f3lo se va a atender emergencias\u201d, acot\u00f3 Nava.<\/p>\n<p style=\"text-align: justify;\">La representante de la Federaci\u00f3n de Sindicatos de Ramas M\u00e9dicas en Salud P\u00fablica de Santa Cruz, Roc\u00eco Rivera, confirm\u00f3 el paro nacional de salud.<\/p>\n<p style=\"text-align: justify;\">Agreg\u00f3 que, desde que conocieron el proyecto de ley, hicieron la representaci\u00f3n, pero ninguna de sus sugerencias fue tomada en cuenta.<\/p>\n<p style=\"text-align: justify;\">Agreg\u00f3 que en la reuni\u00f3n con la Comisi\u00f3n de Planificaci\u00f3n y la directiva de la C\u00e1mara de Diputados no se logr\u00f3 ning\u00fan avance ni soluci\u00f3n a la problem\u00e1tica. \u201cVemos que no hay voluntad pol\u00edtica y s\u00f3lo se busca dilatar el problema con reuniones infruct\u00edferas\u201d, se\u00f1ala parte de un comunicado del Fesirme.<\/p>\n<p style=\"text-align: justify;\">Debido a la protesta, el mi\u00e9rcoles no habr\u00e1 atenci\u00f3n en consulta externa ni cirug\u00edas programadas; s\u00f3lo se recibir\u00e1 a pacientes en emergencia.<\/p>\n<p style=\"text-align: justify;\">Las medidas de presi\u00f3n<\/p>\n<p style=\"text-align: justify;\">Entre enero y febrero de este a\u00f1o, el sector salud acat\u00f3 un paro de 24 horas y otro de 48 horas con el mismo pedido: exigir que se rechace el proyecto de ley cuestionado.<\/p>\n<p style=\"text-align: justify;\">La disposici\u00f3n \u00fanica del proyecto de modificaci\u00f3n de la Ley de Pensiones establece que las personas mayores a 65 a\u00f1os deben someterse a una examen de salud para determinar su capacidad para continuar en ejercicio laboral.<\/p>\n<p style=\"text-align: justify;\">El magisterio urbano es otro sector que rechaza la jubilaci\u00f3n obligatoria a partir de los 65 a\u00f1os de edad.<\/p>\n<p style=\"text-align: justify;\">\n","protected":false},"excerpt":{"rendered":"<p>El personal de salud acatar\u00e1 hoy un paro de actividades en rechazo a la disposici\u00f3n \u00fanica del proyecto de modificaci\u00f3n de la Ley Pensiones que establece la jubilaci\u00f3n a los 65 a\u00f1os, inform\u00f3 el presidente del Colegio M\u00e9dico de Cochabamba, Mario Rolando Iriarte Tames. La medida es de car\u00e1cter nacional y la atenci\u00f3n se limitar\u00e1 [&hellip;]<\/p>\n","protected":false},"author":4,"featured_media":64190,"comment_status":"open","ping_status":"closed","sticky":false,"template":"","format":"standard","meta":{"footnotes":""},"categories":[53],"tags":[],"class_list":{"0":"post-64189","1":"post","2":"type-post","3":"status-publish","4":"format-standard","5":"has-post-thumbnail","7":"category-salud"},"_links":{"self":[{"href":"https:\/\/jms.com.bo\/mediamonitor\/wp-json\/wp\/v2\/posts\/64189","targetHints":{"allow":["GET"]}}],"collection":[{"href":"https:\/\/jms.com.bo\/mediamonitor\/wp-json\/wp\/v2\/posts"}],"about":[{"href":"https:\/\/jms.com.bo\/mediamonitor\/wp-json\/wp\/v2\/types\/post"}],"author":[{"embeddable":true,"href":"https:\/\/jms.com.bo\/mediamonitor\/wp-json\/wp\/v2\/users\/4"}],"replies":[{"embeddable":true,"href":"https:\/\/jms.com.bo\/mediamonitor\/wp-json\/wp\/v2\/comments?post=64189"}],"version-history":[{"count":0,"href":"https:\/\/jms.com.bo\/mediamonitor\/wp-json\/wp\/v2\/posts\/64189\/revisions"}],"wp:featuredmedia":[{"embeddable":true,"href":"https:\/\/jms.com.bo\/mediamonitor\/wp-json\/wp\/v2\/media\/64190"}],"wp:attachment":[{"href":"https:\/\/jms.com.bo\/mediamonitor\/wp-json\/wp\/v2\/media?parent=64189"}],"wp:term":[{"taxonomy":"category","embeddable":true,"href":"https:\/\/jms.com.bo\/mediamonitor\/wp-json\/wp\/v2\/categories?post=64189"},{"taxonomy":"post_tag","embeddable":true,"href":"https:\/\/jms.com.bo\/mediamonitor\/wp-json\/wp\/v2\/tags?post=64189"}],"curies":[{"name":"wp","href":"https:\/\/api.w.org\/{rel}","templated":true}]}}