{"id":64197,"date":"2024-03-13T06:59:13","date_gmt":"2024-03-13T10:59:13","guid":{"rendered":"https:\/\/jms.com.bo\/mediamonitor\/2024\/03\/13\/tacanas-paralizan-programa-de-palma-africana-en-su-territorio\/"},"modified":"2024-03-13T06:59:13","modified_gmt":"2024-03-13T10:59:13","slug":"tacanas-paralizan-programa-de-palma-africana-en-su-territorio","status":"publish","type":"post","link":"https:\/\/jms.com.bo\/mediamonitor\/2024\/03\/13\/tacanas-paralizan-programa-de-palma-africana-en-su-territorio\/","title":{"rendered":"Tacanas paralizan programa de palma africana en su territorio"},"content":{"rendered":"<p style=\"text-align: justify;\">Debido a la falta de informaci\u00f3n y denuncias de abuso que se identificaron en la implementaci\u00f3n del programa para la siembra de palma aceitera, que est\u00e1 a cargo del Instituto Nacional de Innovaci\u00f3n y Agropecuaria Forestal (Iniaf), los corregidores del Consejo Ind\u00edgena del Pueblo Tacana (Cipta) emitieron un voto resolutivo que rechaza el programa en su territorio y determinaron paralizar el proyecto en todas sus comunidades ind\u00edgenas.<br \/>\n\u201cEl Primer Consejo de Corregidores de la gesti\u00f3n 2024, ante las denuncias de problemas y conflictos con los t\u00e9cnicos del Programa de Palma Aceitera Africana que est\u00e1n generando en nuestras comunidades tacanas, rechaza el programa de la Palma Aceitera Africana y su paralizaci\u00f3n en todas las comunidades de nuestro territorio\u201d, se\u00f1ala la parte resolutiva del documento que fue suscrito en la comunidad Nueva Esperanza.<br \/>\nLa palma africana, tambi\u00e9n conocida como palma aceitera (elaeis guineensis), es una planta cuya siembra es promovida en la Amazonia por el gobierno de Luis Arce, con el objetivo de producir biocombustibles.<br \/>\nLas \u00e1reas identificadas para su producci\u00f3n en el norte de La Paz, son los municipios de San Buenaventura e Ixiamas, que son habitadas por las comunidades tacanas.<br \/>\n\u201cSe ha tomado esta decisi\u00f3n porque los funcionarios del que mayormente est\u00e1n ingresando a las comunidades sin haber coordinado con nuestra organizaci\u00f3n Cipta. En el Consejo se ha denunciado que los funcionarios entran y quieren hacer firmar convenios que comprometen a las comunidades, sin tener conocimiento ni detalles del proyecto. Tampoco quieren informar sobre cu\u00e1les son los impactos que generar\u00e1 el proyecto\u201d, manifest\u00f3 el secretario de Recursos Naturales y Turismo del Cipta, Miguel \u00c1ngel Chipunavi.<br \/>\nPese a que el proyecto de la palma africana est\u00e1 en marcha desde 2022, los ind\u00edgenas desconocen detalles como los costos operativos y la cantidad de \u00e1reas de cultivo que se requieren para obtener ganancias, entre otros detalles.<br \/>\nEn el Consejo de Corregidores, se hizo referencia a que, en las comunidades donde ingresaron los funcionarios del Iniaf prometieron la generaci\u00f3n de trabajo y de ingresos, principalmente para las mujeres. Una de las labores m\u00e1s promocionadas fue la de embolsar tierra para los plantines de palma, trabajo por el cual se les paga a las mujeres ind\u00edgenas 10 centavos por unidad.<br \/>\n\u201cLas se\u00f1oras han trabajado duramente al d\u00eda, y por eso, se les pagaba de 30 a 50 bolivianos porque es un trabajo duro. El escarbar la tierra con manos, sacar los abonos, hacer el llenado de las bolsas, alinear los plantines es un trabajo, si vale el t\u00e9rmino, casi como de esclavo que han estado haciendo. Se supone que las empresas entran para generar econom\u00eda, para ayudar a las comunidades, no para abusar de ellas, ni mucho menos generar problemas en su territorio, entonces por todos esos aspectos y otros m\u00e1s se aprob\u00f3 la resoluci\u00f3n\u201d, destac\u00f3 el corregidor de San Miguel, Noe Macuapa.<br \/>\nChipunavi agreg\u00f3 que, en reiteradas oportunidades se invit\u00f3 al director del Iniaf para que informe en detalle acerca del proyecto, pero hasta la fecha no recibieron ninguna respuesta. \u201cLlama la atenci\u00f3n que no quieran informar, pese a que es nuestro derecho. Por ese motivo se ha paralizado, por el tema de los impactos que va a tener el proyecto con la deforestaci\u00f3n. Nosotros, como TCO, estamos caracterizados como conservacionistas y no se puede permitir desmontar en grandes escalas\u201d, agreg\u00f3 Chipunavi.<br \/>\nEl Programa de Fomento a la Producci\u00f3n de Especies Ole\u00edferas (D.S. 4764) fue inaugurado el 2022, con una inversi\u00f3n de $us 57 millones y contempla la producci\u00f3n de materia prima en los municipios del corredor, impulsando la reproducci\u00f3n de plantines de palma africana de aceite. El Iniaf apoy\u00f3 la construcci\u00f3n de viveros en diferentes comunidades interculturales e ind\u00edgenas, principalmente en 7 de Diciembre, Esmeralda, San Isidro, Santa Ana, 25 de Diciembre, Altamarani y Bella Altura.<br \/>\nEn diciembre de 2023, la Fundaci\u00f3n Tierra sugiri\u00f3 cancelar este programa debido a que es una de las razones para la existencia de desmontes, quemas descontroladas e incendios forestales en la regi\u00f3n. Asimismo, solicit\u00f3 al Estado que demuestre la existencia de una adecuada capacidad de uso del suelo para este tipo de cultivos y el m\u00ednimo impacto sobre la biodiversidad y el medio ambiente. (Con datos de la Fundaci\u00f3n Tierra)<\/p>\n","protected":false},"excerpt":{"rendered":"<p>Debido a la falta de informaci\u00f3n y denuncias de abuso que se identificaron en la implementaci\u00f3n del programa para la siembra de palma aceitera, que est\u00e1 a cargo del Instituto Nacional de Innovaci\u00f3n y Agropecuaria Forestal (Iniaf), los corregidores del Consejo Ind\u00edgena del Pueblo Tacana (Cipta) emitieron un voto resolutivo que rechaza el programa en [&hellip;]<\/p>\n","protected":false},"author":4,"featured_media":64198,"comment_status":"open","ping_status":"closed","sticky":false,"template":"","format":"standard","meta":{"footnotes":""},"categories":[49],"tags":[],"class_list":{"0":"post-64197","1":"post","2":"type-post","3":"status-publish","4":"format-standard","5":"has-post-thumbnail","7":"category-social"},"_links":{"self":[{"href":"https:\/\/jms.com.bo\/mediamonitor\/wp-json\/wp\/v2\/posts\/64197","targetHints":{"allow":["GET"]}}],"collection":[{"href":"https:\/\/jms.com.bo\/mediamonitor\/wp-json\/wp\/v2\/posts"}],"about":[{"href":"https:\/\/jms.com.bo\/mediamonitor\/wp-json\/wp\/v2\/types\/post"}],"author":[{"embeddable":true,"href":"https:\/\/jms.com.bo\/mediamonitor\/wp-json\/wp\/v2\/users\/4"}],"replies":[{"embeddable":true,"href":"https:\/\/jms.com.bo\/mediamonitor\/wp-json\/wp\/v2\/comments?post=64197"}],"version-history":[{"count":0,"href":"https:\/\/jms.com.bo\/mediamonitor\/wp-json\/wp\/v2\/posts\/64197\/revisions"}],"wp:featuredmedia":[{"embeddable":true,"href":"https:\/\/jms.com.bo\/mediamonitor\/wp-json\/wp\/v2\/media\/64198"}],"wp:attachment":[{"href":"https:\/\/jms.com.bo\/mediamonitor\/wp-json\/wp\/v2\/media?parent=64197"}],"wp:term":[{"taxonomy":"category","embeddable":true,"href":"https:\/\/jms.com.bo\/mediamonitor\/wp-json\/wp\/v2\/categories?post=64197"},{"taxonomy":"post_tag","embeddable":true,"href":"https:\/\/jms.com.bo\/mediamonitor\/wp-json\/wp\/v2\/tags?post=64197"}],"curies":[{"name":"wp","href":"https:\/\/api.w.org\/{rel}","templated":true}]}}