{"id":64201,"date":"2024-03-13T07:04:53","date_gmt":"2024-03-13T11:04:53","guid":{"rendered":"https:\/\/jms.com.bo\/mediamonitor\/2024\/03\/13\/el-ine-solicita-la-suspension-de-clases-el-viernes-22-para-usar-las-aulas-como-oficinas-censales\/"},"modified":"2024-03-13T07:04:53","modified_gmt":"2024-03-13T11:04:53","slug":"el-ine-solicita-la-suspension-de-clases-el-viernes-22-para-usar-las-aulas-como-oficinas-censales","status":"publish","type":"post","link":"https:\/\/jms.com.bo\/mediamonitor\/2024\/03\/13\/el-ine-solicita-la-suspension-de-clases-el-viernes-22-para-usar-las-aulas-como-oficinas-censales\/","title":{"rendered":"El INE solicita la suspensi\u00f3n de clases el viernes 22 para usar las aulas como oficinas censales"},"content":{"rendered":"<p style=\"text-align: justify;\">El Instituto Nacional de Estad\u00edstica (INE) solicit\u00f3 al Ministerio de Educaci\u00f3n la suspensi\u00f3n de clases en todo el pa\u00eds el viernes 22 de marzo, un d\u00eda antes del Censo Nacional de Poblaci\u00f3n y Vivienda, para que las aulas sean usadas como oficinas censales.<\/p>\n<p style=\"text-align: justify;\">Durante un taller con periodistas de La Paz, la directora de Censos y Encuestas del INE, Martha Oviedo, inform\u00f3 que se remiti\u00f3 la solicitud para la suspensi\u00f3n de labores en las unidades p\u00fablicas y privadas. Explic\u00f3 que muchas de las aulas ser\u00e1n usadas para recibir el material; que se distribuir\u00e1 al d\u00eda siguiente entre los censistas.<\/p>\n<p style=\"text-align: justify;\">\u201cSe est\u00e1 pidiendo que puedan suspender (las clases) desde el d\u00eda viernes porque muchas unidades educativas est\u00e1n apoy\u00e1ndonos con algunas aulas o con alg\u00fan lugar para ser justamente una oficina censal y tenemos que hacer llegar las cajas ah\u00ed\u201d.<\/p>\n<p style=\"text-align: justify;\">Las cajas censales contienen el material que usar\u00e1n los agentes censales el s\u00e1bado 23 para el empadronamiento nacional.<\/p>\n<p style=\"text-align: justify;\">Asimismo, Oviedo dijo que las nueve gobernaciones del pa\u00eds deben emitir en las siguientes horas el auto de buen gobierno con las restricciones para el d\u00eda del Censo.<\/p>\n<p style=\"text-align: justify;\">No se puede salir de casa<br \/>\nEl auto de buen gobierno debe disponer la prohibici\u00f3n de expendio de bebidas alcoh\u00f3licas, desde las cero horas del viernes 22 de marzo; y restringir el tr\u00e1nsito y el desplazamiento de personas desde las cero horas del s\u00e1bado 23 de marzo hasta que finalice la jornada censal.<\/p>\n<p style=\"text-align: justify;\">Oviedo aclar\u00f3 que una vez que una familia sea censada, deber\u00e1 permanecer en su hogar hasta que finalice el trabajo de los agentes censales.<\/p>\n<p style=\"text-align: justify;\">Remarc\u00f3 que el Censo de Poblaci\u00f3n y Vivienda es la operaci\u00f3n estad\u00edstica de mayor envergadura; y la principal fuente de informaci\u00f3n sociodemogr\u00e1fica de un pa\u00eds, por lo que es importante la participaci\u00f3n de toda la poblaci\u00f3n.<\/p>\n","protected":false},"excerpt":{"rendered":"<p>El Instituto Nacional de Estad\u00edstica (INE) solicit\u00f3 al Ministerio de Educaci\u00f3n la suspensi\u00f3n de clases en todo el pa\u00eds el viernes 22 de marzo, un d\u00eda antes del Censo Nacional de Poblaci\u00f3n y Vivienda, para que las aulas sean usadas como oficinas censales. Durante un taller con periodistas de La Paz, la directora de Censos [&hellip;]<\/p>\n","protected":false},"author":4,"featured_media":64202,"comment_status":"open","ping_status":"closed","sticky":false,"template":"","format":"standard","meta":{"footnotes":""},"categories":[20],"tags":[],"class_list":{"0":"post-64201","1":"post","2":"type-post","3":"status-publish","4":"format-standard","5":"has-post-thumbnail","7":"category-actualidad"},"_links":{"self":[{"href":"https:\/\/jms.com.bo\/mediamonitor\/wp-json\/wp\/v2\/posts\/64201","targetHints":{"allow":["GET"]}}],"collection":[{"href":"https:\/\/jms.com.bo\/mediamonitor\/wp-json\/wp\/v2\/posts"}],"about":[{"href":"https:\/\/jms.com.bo\/mediamonitor\/wp-json\/wp\/v2\/types\/post"}],"author":[{"embeddable":true,"href":"https:\/\/jms.com.bo\/mediamonitor\/wp-json\/wp\/v2\/users\/4"}],"replies":[{"embeddable":true,"href":"https:\/\/jms.com.bo\/mediamonitor\/wp-json\/wp\/v2\/comments?post=64201"}],"version-history":[{"count":0,"href":"https:\/\/jms.com.bo\/mediamonitor\/wp-json\/wp\/v2\/posts\/64201\/revisions"}],"wp:featuredmedia":[{"embeddable":true,"href":"https:\/\/jms.com.bo\/mediamonitor\/wp-json\/wp\/v2\/media\/64202"}],"wp:attachment":[{"href":"https:\/\/jms.com.bo\/mediamonitor\/wp-json\/wp\/v2\/media?parent=64201"}],"wp:term":[{"taxonomy":"category","embeddable":true,"href":"https:\/\/jms.com.bo\/mediamonitor\/wp-json\/wp\/v2\/categories?post=64201"},{"taxonomy":"post_tag","embeddable":true,"href":"https:\/\/jms.com.bo\/mediamonitor\/wp-json\/wp\/v2\/tags?post=64201"}],"curies":[{"name":"wp","href":"https:\/\/api.w.org\/{rel}","templated":true}]}}