{"id":64204,"date":"2024-03-13T07:08:03","date_gmt":"2024-03-13T11:08:03","guid":{"rendered":"https:\/\/jms.com.bo\/mediamonitor\/2024\/03\/13\/arce-se-reune-en-santa-cruz-con-expresidentes-de-la-region-y-el-grupo-de-puebla\/"},"modified":"2024-03-13T07:08:03","modified_gmt":"2024-03-13T11:08:03","slug":"arce-se-reune-en-santa-cruz-con-expresidentes-de-la-region-y-el-grupo-de-puebla","status":"publish","type":"post","link":"https:\/\/jms.com.bo\/mediamonitor\/2024\/03\/13\/arce-se-reune-en-santa-cruz-con-expresidentes-de-la-region-y-el-grupo-de-puebla\/","title":{"rendered":"Arce se re\u00fane en Santa Cruz con expresidentes de la regi\u00f3n y el Grupo de Puebla"},"content":{"rendered":"<p style=\"text-align: justify;\">El presidente Luis Arce inform\u00f3 que se reuni\u00f3 en Santa Cruz con expresidentes de la regi\u00f3n, incluida la vicepresidenta de Venezuela, Delcy Rodr\u00edguez, y l\u00edderes del Grupo de Puebla.<\/p>\n<p style=\"text-align: justify;\">Los expresidentes del gobierno de Espa\u00f1a Jos\u00e9 Luis Rodr\u00edguez Zapatero, de Argentina Alberto Fern\u00e1ndez y de Colombia Ernesto Samper llegaron hasta la capital cruce\u00f1a, sede del seminario internacional Nueva Arquitectura Financiera Regional, organizado por la Escuela de Gesti\u00f3n P\u00fablica Plurinacional (EGPP).<\/p>\n<p style=\"text-align: justify;\">\u201cSostuvimos un grato encuentro en #SantaCruz con la hermana vicepresidenta de Venezuela, Delcy Rodr\u00edguez, hermanos expresidentes y l\u00edderes latinoamericanos del #GrupoDePuebla, donde intercambiamos sus experiencias y conclusiones del seminario \u2018Nueva arquitectura financiera regional, desaf\u00edos para una mejor integraci\u00f3n en un mundo de cambios\u2019\u201d, escribi\u00f3 el mandatario en su cuenta de X.<\/p>\n<p style=\"text-align: justify;\">Asimismo, el jefe de Estado dijo que, en su reuni\u00f3n, comparti\u00f3 con los l\u00edderes pol\u00edticos los alcances del Modelo Econ\u00f3mico Social Comunitario Productivo.<\/p>\n<p style=\"text-align: justify;\">Pa\u00edses de la Regi\u00f3n<br \/>\nEl evento reuni\u00f3 a los l\u00edderes de la regi\u00f3n busca \u201ctrazar nuevos horizontes\u201d para los gobiernos, seg\u00fan explicaron Marco Enr\u00edquez-Ominami, coordinador ejecutivo del Grupo de Puebla, y Alfredo Serrano, director del centro Estrat\u00e9gico Latinoamericano de Geopol\u00edtica (Celag).<\/p>\n<p style=\"text-align: justify;\">Ambos panelistas, en entrevista con el programa Piedra Papel y Tinta, de La Raz\u00f3n, coincidieron en que uno de los grandes desaf\u00edos para los pa\u00edses de Am\u00e9rica Latina es la Institucionalidad.<\/p>\n<p style=\"text-align: justify;\">Adem\u00e1s, advirtieron que hay una disputa de poder, econ\u00f3mica y de pol\u00edticas sociales entre la derecha y los gobiernos progresistas de la regi\u00f3n.<\/p>\n<p style=\"text-align: justify;\">Extraoficialmente, se conoci\u00f3 que, luego de ese encuentro, la organizaci\u00f3n propiciar\u00e1 reuniones entre el presidente Luis Arce y el jefe del Movimiento Al Socialismo (MAS), Evo Morales.<\/p>\n<p style=\"text-align: justify;\">El Grupo de Puebla, que integran 32 l\u00edderes de 12 pa\u00edses, intenta abrir un espacio progresista en una Am\u00e9rica Latina convulsionada.<\/p>\n","protected":false},"excerpt":{"rendered":"<p>El presidente Luis Arce inform\u00f3 que se reuni\u00f3 en Santa Cruz con expresidentes de la regi\u00f3n, incluida la vicepresidenta de Venezuela, Delcy Rodr\u00edguez, y l\u00edderes del Grupo de Puebla. Los expresidentes del gobierno de Espa\u00f1a Jos\u00e9 Luis Rodr\u00edguez Zapatero, de Argentina Alberto Fern\u00e1ndez y de Colombia Ernesto Samper llegaron hasta la capital cruce\u00f1a, sede del [&hellip;]<\/p>\n","protected":false},"author":4,"featured_media":64205,"comment_status":"open","ping_status":"closed","sticky":false,"template":"","format":"standard","meta":{"footnotes":""},"categories":[18],"tags":[],"class_list":{"0":"post-64204","1":"post","2":"type-post","3":"status-publish","4":"format-standard","5":"has-post-thumbnail","7":"category-politica"},"_links":{"self":[{"href":"https:\/\/jms.com.bo\/mediamonitor\/wp-json\/wp\/v2\/posts\/64204","targetHints":{"allow":["GET"]}}],"collection":[{"href":"https:\/\/jms.com.bo\/mediamonitor\/wp-json\/wp\/v2\/posts"}],"about":[{"href":"https:\/\/jms.com.bo\/mediamonitor\/wp-json\/wp\/v2\/types\/post"}],"author":[{"embeddable":true,"href":"https:\/\/jms.com.bo\/mediamonitor\/wp-json\/wp\/v2\/users\/4"}],"replies":[{"embeddable":true,"href":"https:\/\/jms.com.bo\/mediamonitor\/wp-json\/wp\/v2\/comments?post=64204"}],"version-history":[{"count":0,"href":"https:\/\/jms.com.bo\/mediamonitor\/wp-json\/wp\/v2\/posts\/64204\/revisions"}],"wp:featuredmedia":[{"embeddable":true,"href":"https:\/\/jms.com.bo\/mediamonitor\/wp-json\/wp\/v2\/media\/64205"}],"wp:attachment":[{"href":"https:\/\/jms.com.bo\/mediamonitor\/wp-json\/wp\/v2\/media?parent=64204"}],"wp:term":[{"taxonomy":"category","embeddable":true,"href":"https:\/\/jms.com.bo\/mediamonitor\/wp-json\/wp\/v2\/categories?post=64204"},{"taxonomy":"post_tag","embeddable":true,"href":"https:\/\/jms.com.bo\/mediamonitor\/wp-json\/wp\/v2\/tags?post=64204"}],"curies":[{"name":"wp","href":"https:\/\/api.w.org\/{rel}","templated":true}]}}