{"id":64206,"date":"2024-03-13T07:10:35","date_gmt":"2024-03-13T11:10:35","guid":{"rendered":"https:\/\/jms.com.bo\/mediamonitor\/2024\/03\/13\/revocatorio-copa-impugna-los-libros-y-jhonny-se-salva\/"},"modified":"2024-03-13T07:10:35","modified_gmt":"2024-03-13T11:10:35","slug":"revocatorio-copa-impugna-los-libros-y-jhonny-se-salva","status":"publish","type":"post","link":"https:\/\/jms.com.bo\/mediamonitor\/2024\/03\/13\/revocatorio-copa-impugna-los-libros-y-jhonny-se-salva\/","title":{"rendered":"Revocatorio: Copa impugna los libros y Jhonny se \u201csalva\u201d"},"content":{"rendered":"<p style=\"text-align: justify;\">La alcaldesa alte\u00f1a Eva Copa tendr\u00e1 que esperar. Los impulsores de su revocatorio de mandato entregaron las firmas que necesitaban, pero su abogado impugn\u00f3 ese tr\u00e1mite por supuesto incumplimiento de plazo, por lo que las autoridades electorales de La Paz tendr\u00e1n la \u00faltima palabra. El alcalde cruce\u00f1o Jhonny Fern\u00e1ndez, en cambio, ya no tiene de qu\u00e9 preocuparse: sus detractores decidieron abandonar su proceso revocatorio por \u201cfalta de recursos\u201d.<\/p>\n<p style=\"text-align: justify;\">En el caso de Copa, seg\u00fan el dirigente de los gremiales de la zona norte de El Alto, Felipe Quispe, los impulsores del revocatorio contra la alcaldesa alte\u00f1a alcanzaron el objetivo, es decir, recabar las 211.140 firmas que necesitan para dar curso a la siguiente fase del proceso revocatorio de mandato.<\/p>\n<p style=\"text-align: justify;\">Sin embargo, y luego de que los detractores de Copa entregan sus libros ante el TED de La Paz, el abogado de la alcaldesa alte\u00f1a, Frank Campero, asegur\u00f3 que las firmas se entregaron fuera de plazo.<\/p>\n<p style=\"text-align: justify;\">\u201cComo dice la jerga tradicional y popular: camar\u00f3n que se duerme, se lo lleva la corriente. B\u00e1sicamente, ellos est\u00e1n presentando (las firmas) fuera de plazo, (el) de los 90 d\u00edas. Ellos ten\u00edan hasta el d\u00eda de ayer (lunes) Tal vez no han contado con que el mes de febrero lleva 29 d\u00edas, no 28\u201d, explic\u00f3 el jurista.<\/p>\n<p style=\"text-align: justify;\">Quispe, por su parte, dijo que fue notificado el 12 de diciembre con la autorizaci\u00f3n para la recolecci\u00f3n de las firmas, por lo que el plazo para esa tarea venci\u00f3 este 12 de marzo, se\u00f1al\u00f3. En esa l\u00ednea, se mostr\u00f3 confiado en que el TED de La Paz no archivar\u00e1 el proceso contra Copa.<\/p>\n<p style=\"text-align: justify;\">En Santa Cruz, entretanto, las plataformas ciudadanas que activaron el revocatorio contra Fern\u00e1ndez decidieron abandonar ese proceso, pese a haber conseguido las firmas necesarias. La activista Lilibeth Co\u00edmbra dijo que los gastos y a las trabas burocr\u00e1ticas impidieron completar los requisitos exigidos.<\/p>\n<p style=\"text-align: justify;\">\u201cSe consigui\u00f3 m\u00e1s de 326 mil (firmas) Son todas esas personas (las) que no est\u00e1n contentas con esta gesti\u00f3n municipal, que quieren obras y mejores condiciones de salud y educaci\u00f3n\u201d, resalt\u00f3, no obstante, Co\u00edmbra.<\/p>\n<p style=\"text-align: justify;\">Vencido el plazo, Fern\u00e1ndez ya no tendr\u00e1 que preocuparse por ese proceso.<\/p>\n<p style=\"text-align: justify;\">El TSE report\u00f3 en enero, cuando venci\u00f3 el plazo para activar este tipo de procesos, que recibi\u00f3 76 solicitudes de revocatorio de mandato contra distintas autoridades y a\u00f1adi\u00f3 que, de ese total, autoriz\u00f3 solo 36.<\/p>\n<p style=\"text-align: justify;\">Con relaci\u00f3n a los revocatorios contra los alcaldes de las ciudades capitales, adem\u00e1s de los autorizados contra Copa y Fern\u00e1ndez, las autoridades electorales dieron curso, entre noviembre y diciembre de 2023, a los procesos contra los alcaldes de Cochabamba, Manfred Reyes Villa; de Potos\u00ed, Jhonny Llally; de Oruro, Adhemar Wilcarani, y de Trinidad, Cristhian C\u00e1mara. Los plazos para la entrega de las firmas requeridas vencen este mes, en la mayor\u00eda de los casos.<\/p>\n<p style=\"text-align: justify;\">POTOS\u00cd<\/p>\n<p style=\"text-align: justify;\">El avance en la recolecci\u00f3n de firmas contra el alcalde titular de Potos\u00ed, Jhonny Llally, alcanza al 60%, seg\u00fan inform\u00f3 el exsenador Edwin Rodr\u00edguez. El plazo para recabar el total (151.910) vence el 23 de marzo.<\/p>\n","protected":false},"excerpt":{"rendered":"<p>La alcaldesa alte\u00f1a Eva Copa tendr\u00e1 que esperar. Los impulsores de su revocatorio de mandato entregaron las firmas que necesitaban, pero su abogado impugn\u00f3 ese tr\u00e1mite por supuesto incumplimiento de plazo, por lo que las autoridades electorales de La Paz tendr\u00e1n la \u00faltima palabra. El alcalde cruce\u00f1o Jhonny Fern\u00e1ndez, en cambio, ya no tiene de [&hellip;]<\/p>\n","protected":false},"author":4,"featured_media":64207,"comment_status":"open","ping_status":"closed","sticky":false,"template":"","format":"standard","meta":{"footnotes":""},"categories":[18],"tags":[],"class_list":{"0":"post-64206","1":"post","2":"type-post","3":"status-publish","4":"format-standard","5":"has-post-thumbnail","7":"category-politica"},"_links":{"self":[{"href":"https:\/\/jms.com.bo\/mediamonitor\/wp-json\/wp\/v2\/posts\/64206","targetHints":{"allow":["GET"]}}],"collection":[{"href":"https:\/\/jms.com.bo\/mediamonitor\/wp-json\/wp\/v2\/posts"}],"about":[{"href":"https:\/\/jms.com.bo\/mediamonitor\/wp-json\/wp\/v2\/types\/post"}],"author":[{"embeddable":true,"href":"https:\/\/jms.com.bo\/mediamonitor\/wp-json\/wp\/v2\/users\/4"}],"replies":[{"embeddable":true,"href":"https:\/\/jms.com.bo\/mediamonitor\/wp-json\/wp\/v2\/comments?post=64206"}],"version-history":[{"count":0,"href":"https:\/\/jms.com.bo\/mediamonitor\/wp-json\/wp\/v2\/posts\/64206\/revisions"}],"wp:featuredmedia":[{"embeddable":true,"href":"https:\/\/jms.com.bo\/mediamonitor\/wp-json\/wp\/v2\/media\/64207"}],"wp:attachment":[{"href":"https:\/\/jms.com.bo\/mediamonitor\/wp-json\/wp\/v2\/media?parent=64206"}],"wp:term":[{"taxonomy":"category","embeddable":true,"href":"https:\/\/jms.com.bo\/mediamonitor\/wp-json\/wp\/v2\/categories?post=64206"},{"taxonomy":"post_tag","embeddable":true,"href":"https:\/\/jms.com.bo\/mediamonitor\/wp-json\/wp\/v2\/tags?post=64206"}],"curies":[{"name":"wp","href":"https:\/\/api.w.org\/{rel}","templated":true}]}}