{"id":64210,"date":"2024-03-13T07:13:37","date_gmt":"2024-03-13T11:13:37","guid":{"rendered":"https:\/\/jms.com.bo\/mediamonitor\/2024\/03\/13\/att-sube-derecho-de-uso-de-aeropuerto-en-60-para-los-vuelos-internacionales\/"},"modified":"2024-03-13T07:13:37","modified_gmt":"2024-03-13T11:13:37","slug":"att-sube-derecho-de-uso-de-aeropuerto-en-60-para-los-vuelos-internacionales","status":"publish","type":"post","link":"https:\/\/jms.com.bo\/mediamonitor\/2024\/03\/13\/att-sube-derecho-de-uso-de-aeropuerto-en-60-para-los-vuelos-internacionales\/","title":{"rendered":"ATT sube derecho de uso de aeropuerto en 60% para los vuelos internacionales"},"content":{"rendered":"<p style=\"text-align: justify;\">La Autoridad de Regulaci\u00f3n y Fiscalizaci\u00f3n de Telecomunicaciones y Transporte (ATT) elev\u00f3 en 60 por ciento el derecho de uso de aeropuerto (DUA) para vuelos internacionales, inform\u00f3 ayer su director ejecutivo, N\u00e9stor R\u00edos.<\/p>\n<p style=\"text-align: justify;\">\u201cEl DUA internacional fue actualizado despu\u00e9s de m\u00e1s de 26 a\u00f1os. Y esta actualizaci\u00f3n obedece a las mejoras en los aeropuertos con base en una metodolog\u00eda de c\u00e1lculo establecida\u201d, manifest\u00f3 R\u00edos ante la prensa, y a\u00f1adi\u00f3 que las rutas nacionales no ser\u00e1n afectadas.<\/p>\n<p style=\"text-align: justify;\">El director de Navegaci\u00f3n A\u00e9rea y Aeropuertos Bolivianos (Naabol), Elmer Pozo, justific\u00f3 que el incremento se debe a que se tiene que realizar el mantenimiento de los servicios de 13 radares y mejorar los sistemas tecnol\u00f3gicos en los aeropuertos. Resalt\u00f3 que la actualizaci\u00f3n no se daba desde 1998.<\/p>\n<p style=\"text-align: justify;\">El sector tur\u00edstico critic\u00f3 esta determinaci\u00f3n, ya que el Gobierno, en su af\u00e1n de generar m\u00e1s d\u00f3lares en medio de una crisis econ\u00f3mica, estar\u00eda desincentivando el ingreso de turistas al pa\u00eds. La medida ser\u00eda puesta en vigencia desde el 4 de abril de este a\u00f1o, se\u00f1alaron representantes del sector.<\/p>\n<p style=\"text-align: justify;\">El gerente de la C\u00e1mara Boliviana de Turismo (Cabotur), Javier Calvimontes, lament\u00f3 que la ATT y la Naabol apliquen una medida que no fue socializada con los operadores de turismo.<\/p>\n<p style=\"text-align: justify;\">\u201cComo C\u00e1mara Boliviana de Turismo, nos encontramos muy preocupados por una medida que ha sido tomada por la ATT en coordinaci\u00f3n con Naabol, que es administradora de los aeropuertos, con la intenci\u00f3n de incrementar el costo del DUA para salidas al exterior\u201d, manifest\u00f3 Calvimontes en entrevista con radio Fides.<\/p>\n<p style=\"text-align: justify;\">El director de la ATT resalt\u00f3 que la determinaci\u00f3n no alcanza a los pasajeros en rutas nacionales; sin embargo, no profundiz\u00f3 en qu\u00e9 medida afectar\u00e1 a quienes realizan rutas internacionales.<\/p>\n<p style=\"text-align: justify;\">El sector tur\u00edstico cuestion\u00f3 que las decisiones adoptadas provocar\u00e1n un mayor aislamiento de Bolivia, que es uno de los pa\u00edses con menores visitas de turistas y de m\u00e1s alto costo para vuelos internacionales.<\/p>\n<p style=\"text-align: justify;\">Helen Canqui, representante de la Alianza en Defensa del Turismo, dijo que el incremento perjudica al pa\u00eds cuando se necesita m\u00e1s llegada de turistas que traen divisas.<\/p>\n","protected":false},"excerpt":{"rendered":"<p>La Autoridad de Regulaci\u00f3n y Fiscalizaci\u00f3n de Telecomunicaciones y Transporte (ATT) elev\u00f3 en 60 por ciento el derecho de uso de aeropuerto (DUA) para vuelos internacionales, inform\u00f3 ayer su director ejecutivo, N\u00e9stor R\u00edos. \u201cEl DUA internacional fue actualizado despu\u00e9s de m\u00e1s de 26 a\u00f1os. Y esta actualizaci\u00f3n obedece a las mejoras en los aeropuertos con [&hellip;]<\/p>\n","protected":false},"author":4,"featured_media":64211,"comment_status":"open","ping_status":"closed","sticky":false,"template":"","format":"standard","meta":{"footnotes":""},"categories":[25],"tags":[],"class_list":{"0":"post-64210","1":"post","2":"type-post","3":"status-publish","4":"format-standard","5":"has-post-thumbnail","7":"category-economia"},"_links":{"self":[{"href":"https:\/\/jms.com.bo\/mediamonitor\/wp-json\/wp\/v2\/posts\/64210","targetHints":{"allow":["GET"]}}],"collection":[{"href":"https:\/\/jms.com.bo\/mediamonitor\/wp-json\/wp\/v2\/posts"}],"about":[{"href":"https:\/\/jms.com.bo\/mediamonitor\/wp-json\/wp\/v2\/types\/post"}],"author":[{"embeddable":true,"href":"https:\/\/jms.com.bo\/mediamonitor\/wp-json\/wp\/v2\/users\/4"}],"replies":[{"embeddable":true,"href":"https:\/\/jms.com.bo\/mediamonitor\/wp-json\/wp\/v2\/comments?post=64210"}],"version-history":[{"count":0,"href":"https:\/\/jms.com.bo\/mediamonitor\/wp-json\/wp\/v2\/posts\/64210\/revisions"}],"wp:featuredmedia":[{"embeddable":true,"href":"https:\/\/jms.com.bo\/mediamonitor\/wp-json\/wp\/v2\/media\/64211"}],"wp:attachment":[{"href":"https:\/\/jms.com.bo\/mediamonitor\/wp-json\/wp\/v2\/media?parent=64210"}],"wp:term":[{"taxonomy":"category","embeddable":true,"href":"https:\/\/jms.com.bo\/mediamonitor\/wp-json\/wp\/v2\/categories?post=64210"},{"taxonomy":"post_tag","embeddable":true,"href":"https:\/\/jms.com.bo\/mediamonitor\/wp-json\/wp\/v2\/tags?post=64210"}],"curies":[{"name":"wp","href":"https:\/\/api.w.org\/{rel}","templated":true}]}}