{"id":64224,"date":"2024-03-13T07:27:31","date_gmt":"2024-03-13T11:27:31","guid":{"rendered":"https:\/\/jms.com.bo\/mediamonitor\/2024\/03\/13\/bolivia-esta-por-perder-credito-de-us-125-millones-del-banco-mundial-para-ampliar-cobertura-electrica\/"},"modified":"2024-03-13T07:27:31","modified_gmt":"2024-03-13T11:27:31","slug":"bolivia-esta-por-perder-credito-de-us-125-millones-del-banco-mundial-para-ampliar-cobertura-electrica","status":"publish","type":"post","link":"https:\/\/jms.com.bo\/mediamonitor\/2024\/03\/13\/bolivia-esta-por-perder-credito-de-us-125-millones-del-banco-mundial-para-ampliar-cobertura-electrica\/","title":{"rendered":"Bolivia est\u00e1 por perder cr\u00e9dito de $us 125 millones del Banco Mundial para ampliar cobertura el\u00e9ctrica"},"content":{"rendered":"<p style=\"text-align: justify;\">Se encienden las alarmas en Bolivia, el Banco Mundial ha otorgado un plazo de 30 d\u00edas al pa\u00eds para dar una respuesta sobre la aprobaci\u00f3n de un cr\u00e9dito de $us 125 millones destinado al \u201cProyecto Mejora de Acceso Sostenible a la Electricidad en Bolivia \u2013 IDTR II\u201d.<\/p>\n<p style=\"text-align: justify;\">El ultim\u00e1tum es porque el proyecto est\u00e1 parado desde noviembre de 2023 en la Asamblea Legislativa por las disputas pol\u00edticas entre los legisladores opositores (incluyendo los seguidores de Evo Morales) y los oficialistas, rese\u00f1a un reporte de la agencia ABI.<\/p>\n<p style=\"text-align: justify;\">Este proyecto, seg\u00fan el Ministerio de Hidrocarburos y Energ\u00eda, fue dise\u00f1ado para brindar energ\u00eda el\u00e9ctrica a m\u00e1s de medio mill\u00f3n de beneficiarios. Actualmente estancado en el Senado, junto con otro cr\u00e9dito de $us 200 millones del Banco Interamericano de Desarrollo (BID) con el mismo prop\u00f3sito.<\/p>\n<p style=\"text-align: justify;\">Preocupaci\u00f3n<\/p>\n<p style=\"text-align: justify;\">La asesora del Ministerio de Hidrocarburos y Energ\u00edas (MHE), Roc\u00edo Molina, expres\u00f3 su preocupaci\u00f3n afirmando que la negligencia pol\u00edtica que ha llevado al bloqueo de estos fondos cruciales.<\/p>\n<p style=\"text-align: justify;\">\u201cEstamos poniendo en riesgo uno de esos cr\u00e9ditos; (el del Banco Mundial). 30 d\u00edas m\u00e1s nos dice el Banco Mundial, por favor denme una respuesta\u201d, advirti\u00f3 Molina.<\/p>\n<p style=\"text-align: justify;\">\nAmbos cr\u00e9ditos forman parte del proyecto de ley 254\/2023-2024, aprobado a principios de mes en la C\u00e1mara de Diputados junto con otros cinco cr\u00e9ditos.<\/p>\n<p style=\"text-align: justify;\">Pero el presidente del Senado, Andr\u00f3nico Rodr\u00edguez, ha dejado en suspenso el tratamiento del proyecto, solicitando mayor documentaci\u00f3n a Diputados.<\/p>\n<p style=\"text-align: justify;\">De los seis proyectos de ley, solo dos, relacionados con la construcci\u00f3n de pavimento en el camino Faja Norte (Yapacan\u00ed) y la mejora de la carretera La Paz-Oruro, tramo Senkata-Apacheta, han avanzado a la Comisi\u00f3n de Planificaci\u00f3n del Senado para su aprobaci\u00f3n.<\/p>\n<p style=\"text-align: justify;\">Molina mostr\u00f3 la carta del Banco Mundial durante la conferencia de prensa, enfatizando que estos recursos no son infinitos y que el pa\u00eds debe tomar decisiones y dar respuestas como Estado nacional.<\/p>\n<p style=\"text-align: justify;\">\u00abSe est\u00e1 poniendo en riesgo incluso la fe del pa\u00eds, un desprestigio a la fe del pa\u00eds\u00bb, advirti\u00f3 Molina, destacando que estos fondos podr\u00edan beneficiar a m\u00e1s de medio mill\u00f3n de personas.<\/p>\n<p style=\"text-align: justify;\">La asesora del MHE subray\u00f3 la urgencia de actuar, resaltando que los cr\u00e9ditos llevan m\u00e1s de un a\u00f1o dormidos en la Asamblea Plurinacional, mientras m\u00e1s de medio mill\u00f3n de personas en el pa\u00eds, incluyendo ni\u00f1os y mujeres, carecen del servicio de energ\u00eda el\u00e9ctrica.<\/p>\n<p style=\"text-align: justify;\">\u201cOjal\u00e1 que no suceda (que se revierta el cr\u00e9dito), se van a anteponer todas las gestiones que sean necesarias\u201d, concluy\u00f3 Molina.<\/p>\n<p style=\"text-align: justify;\">A qui\u00e9nes beneficia el proyecto<\/p>\n<p style=\"text-align: justify;\">Este prestamos fue aprobado por el Banco Mundial en noviembre de 2023. El proyecto contempla mejorar el acceso a la electricidad para uso dom\u00e9stico y productivo a trav\u00e9s de la extensi\u00f3n de redes, construcci\u00f3n de minirredes e instalaci\u00f3n de sistemas de energ\u00eda solar (fotovoltaicos) individuales.<\/p>\n<p style=\"text-align: justify;\">Se anticipa que el proyecto, con un alcance nacional, comience su implementaci\u00f3n en municipios rurales de Beni, Pando, Potos\u00ed, Santa Cruz y Tarija. Se proyecta la instalaci\u00f3n de 25,500 conexiones domiciliarias a trav\u00e9s de redes el\u00e9ctricas, junto con 300 conexiones en unidades productivas.<\/p>\n<p style=\"text-align: justify;\">Adem\u00e1s, se contempla la instalaci\u00f3n de m\u00e1s de 9,000 sistemas fotovoltaicos aut\u00f3nomos en hogares, as\u00ed como 350 sistemas fotovoltaicos en instituciones p\u00fablicas. Asimismo, se espera establecer cerca de 1,100 conexiones mediante minirredes o sistemas h\u00edbridos alimentados con energ\u00eda renovable en hogares.<\/p>\n","protected":false},"excerpt":{"rendered":"<p>Se encienden las alarmas en Bolivia, el Banco Mundial ha otorgado un plazo de 30 d\u00edas al pa\u00eds para dar una respuesta sobre la aprobaci\u00f3n de un cr\u00e9dito de $us 125 millones destinado al \u201cProyecto Mejora de Acceso Sostenible a la Electricidad en Bolivia \u2013 IDTR II\u201d. El ultim\u00e1tum es porque el proyecto est\u00e1 parado [&hellip;]<\/p>\n","protected":false},"author":4,"featured_media":64225,"comment_status":"open","ping_status":"closed","sticky":false,"template":"","format":"standard","meta":{"footnotes":""},"categories":[39,44,48],"tags":[],"class_list":{"0":"post-64224","1":"post","2":"type-post","3":"status-publish","4":"format-standard","5":"has-post-thumbnail","7":"category-energia","8":"category-portada-energia","9":"category-portada-general-sitio"},"_links":{"self":[{"href":"https:\/\/jms.com.bo\/mediamonitor\/wp-json\/wp\/v2\/posts\/64224","targetHints":{"allow":["GET"]}}],"collection":[{"href":"https:\/\/jms.com.bo\/mediamonitor\/wp-json\/wp\/v2\/posts"}],"about":[{"href":"https:\/\/jms.com.bo\/mediamonitor\/wp-json\/wp\/v2\/types\/post"}],"author":[{"embeddable":true,"href":"https:\/\/jms.com.bo\/mediamonitor\/wp-json\/wp\/v2\/users\/4"}],"replies":[{"embeddable":true,"href":"https:\/\/jms.com.bo\/mediamonitor\/wp-json\/wp\/v2\/comments?post=64224"}],"version-history":[{"count":0,"href":"https:\/\/jms.com.bo\/mediamonitor\/wp-json\/wp\/v2\/posts\/64224\/revisions"}],"wp:featuredmedia":[{"embeddable":true,"href":"https:\/\/jms.com.bo\/mediamonitor\/wp-json\/wp\/v2\/media\/64225"}],"wp:attachment":[{"href":"https:\/\/jms.com.bo\/mediamonitor\/wp-json\/wp\/v2\/media?parent=64224"}],"wp:term":[{"taxonomy":"category","embeddable":true,"href":"https:\/\/jms.com.bo\/mediamonitor\/wp-json\/wp\/v2\/categories?post=64224"},{"taxonomy":"post_tag","embeddable":true,"href":"https:\/\/jms.com.bo\/mediamonitor\/wp-json\/wp\/v2\/tags?post=64224"}],"curies":[{"name":"wp","href":"https:\/\/api.w.org\/{rel}","templated":true}]}}