{"id":64241,"date":"2024-03-14T06:11:35","date_gmt":"2024-03-14T10:11:35","guid":{"rendered":"https:\/\/jms.com.bo\/mediamonitor\/2024\/03\/14\/tras-paro-sin-dialogo-medicos-anuncian-medidas-hasta-anular-jubilacion-forzosa\/"},"modified":"2024-03-14T06:11:35","modified_gmt":"2024-03-14T10:11:35","slug":"tras-paro-sin-dialogo-medicos-anuncian-medidas-hasta-anular-jubilacion-forzosa","status":"publish","type":"post","link":"https:\/\/jms.com.bo\/mediamonitor\/2024\/03\/14\/tras-paro-sin-dialogo-medicos-anuncian-medidas-hasta-anular-jubilacion-forzosa\/","title":{"rendered":"Tras paro sin di\u00e1logo, m\u00e9dicos anuncian medidas hasta anular jubilaci\u00f3n forzosa"},"content":{"rendered":"<p style=\"text-align: justify;\">ersonal de salud cumpli\u00f3 ayer un paro de 24 horas en los hospitales p\u00fablicos y las cajas de seguridad social en rechazo de la disposici\u00f3n \u00fanica del proyecto de modificaci\u00f3n de la Ley de Pensiones y anunciaron un paro escalonado desde la pr\u00f3xima semana en caso de no ser escuchados por las autoridades.<\/p>\n<p style=\"text-align: justify;\">El diputado Jos\u00e9 Luis Porcel (Comunidad Ciudadana) de la Comisi\u00f3n de Planificaci\u00f3n, Pol\u00edtica Econ\u00f3mica y Finanzas inform\u00f3 que las modificaciones al proyecto de ley fueron aprobadas por amplia mayor\u00eda; 10 diputados del Movimiento Al Socialismo (MAS) votaron a favor, y tres opositores, en contra.<\/p>\n<p style=\"text-align: justify;\">Por lo tanto, el proyecto debe ser tratado en la C\u00e1mara de Diputados y hasta el momento no hay fecha, aclar\u00f3 Porcel.<\/p>\n<p style=\"text-align: justify;\">La principal observaci\u00f3n del personal de salud y del magisterio urbano es la disposici\u00f3n \u00fanica que se\u00f1ala la jubilaci\u00f3n forzosa a los 65 a\u00f1os y la posibilidad de continuar en la actividad laboral s\u00f3lo con un examen m\u00e9dico que califique la condici\u00f3n de salud.<\/p>\n<p style=\"text-align: justify;\">En Cochabamba, el paro de actividades fue acompa\u00f1ada de una marcha que pas\u00f3 por las principales calles de la ciudad; participaron afiliados del Colegio M\u00e9dico de Cochabamba, del Colegio de Odont\u00f3logos, Bioqu\u00edmicos, de la Caja Nacional de Salud y otros profesionales.<\/p>\n<p style=\"text-align: justify;\">El presidente del Colegio M\u00e9dico de Cochabamba, Mario Rolando Iriarte Tames, inform\u00f3 que la medida fue a nivel nacional y asegur\u00f3 que \u201cla lucha continuar\u00e1 hasta eliminar la obligatoriedad de jubilaci\u00f3n a los 65 a\u00f1os\u201d.<\/p>\n<p style=\"text-align: justify;\">En La Paz tambi\u00e9n se acat\u00f3 el paro, pero la marcha de protesta fue la semana pasada.<\/p>\n<p style=\"text-align: justify;\">En Santa Cruz, el presidente del Colegio M\u00e9dico de Santa Cruz, Wilfredo Anzo\u00e1tegui, asegur\u00f3 que hasta el momento ninguna autoridad del \u00e1rea de salud o de los impulsores de la norma se pronunciaron ante la demanda, pese a que la movilizaci\u00f3n nacional se viene dando desde hace varias semanas.<\/p>\n<p style=\"text-align: justify;\">En los hospitales de referencia como el Viedma y materno Germ\u00e1n Urquidi, en Cochabamba, la atenci\u00f3n fue irregular, pese al paro instruido por los dirigentes.<\/p>\n<p style=\"text-align: justify;\">En Santa Cruz, el presidente del Colegio M\u00e9dico, Wilfredo Anzo\u00e1tegui, asegur\u00f3 que hasta el momento ninguna autoridad del \u00e1rea de salud o de los impulsores de la norma se pronunciaron ante la demanda, pese a que la movilizaci\u00f3n se da desde hace varias semanas.<\/p>\n<p style=\"text-align: justify;\">La propuesta<\/p>\n<p style=\"text-align: justify;\">El proyecto de ley de incremento a los l\u00edmites solidarios, que ser\u00e1 tratado en la Asamblea Legislativa Plurinacional, tiene el objetivo de mejorar el monto de la Pensi\u00f3n Solidaria de Vejez de las personas que realizaron aportes relativamente bajos, para acceder a una jubilaci\u00f3n digna.<\/p>\n<p style=\"text-align: justify;\">Se establece un incremento adicional de aportes al Fondo Solidario, medida que se aplicar\u00e1 a los trabajadores que perciban un salario por encima de 13 bolivianos, para este sector, actualmente su aporte es de 1 por ciento y subir\u00eda a 1,15 por ciento, el incremento ser\u00eda de 0,15 por ciento.<\/p>\n","protected":false},"excerpt":{"rendered":"<p>ersonal de salud cumpli\u00f3 ayer un paro de 24 horas en los hospitales p\u00fablicos y las cajas de seguridad social en rechazo de la disposici\u00f3n \u00fanica del proyecto de modificaci\u00f3n de la Ley de Pensiones y anunciaron un paro escalonado desde la pr\u00f3xima semana en caso de no ser escuchados por las autoridades. El diputado [&hellip;]<\/p>\n","protected":false},"author":4,"featured_media":64242,"comment_status":"open","ping_status":"closed","sticky":false,"template":"","format":"standard","meta":{"footnotes":""},"categories":[49],"tags":[],"class_list":{"0":"post-64241","1":"post","2":"type-post","3":"status-publish","4":"format-standard","5":"has-post-thumbnail","7":"category-social"},"_links":{"self":[{"href":"https:\/\/jms.com.bo\/mediamonitor\/wp-json\/wp\/v2\/posts\/64241","targetHints":{"allow":["GET"]}}],"collection":[{"href":"https:\/\/jms.com.bo\/mediamonitor\/wp-json\/wp\/v2\/posts"}],"about":[{"href":"https:\/\/jms.com.bo\/mediamonitor\/wp-json\/wp\/v2\/types\/post"}],"author":[{"embeddable":true,"href":"https:\/\/jms.com.bo\/mediamonitor\/wp-json\/wp\/v2\/users\/4"}],"replies":[{"embeddable":true,"href":"https:\/\/jms.com.bo\/mediamonitor\/wp-json\/wp\/v2\/comments?post=64241"}],"version-history":[{"count":0,"href":"https:\/\/jms.com.bo\/mediamonitor\/wp-json\/wp\/v2\/posts\/64241\/revisions"}],"wp:featuredmedia":[{"embeddable":true,"href":"https:\/\/jms.com.bo\/mediamonitor\/wp-json\/wp\/v2\/media\/64242"}],"wp:attachment":[{"href":"https:\/\/jms.com.bo\/mediamonitor\/wp-json\/wp\/v2\/media?parent=64241"}],"wp:term":[{"taxonomy":"category","embeddable":true,"href":"https:\/\/jms.com.bo\/mediamonitor\/wp-json\/wp\/v2\/categories?post=64241"},{"taxonomy":"post_tag","embeddable":true,"href":"https:\/\/jms.com.bo\/mediamonitor\/wp-json\/wp\/v2\/tags?post=64241"}],"curies":[{"name":"wp","href":"https:\/\/api.w.org\/{rel}","templated":true}]}}