{"id":64243,"date":"2024-03-14T06:13:04","date_gmt":"2024-03-14T10:13:04","guid":{"rendered":"https:\/\/jms.com.bo\/mediamonitor\/2024\/03\/14\/por-las-lluvias-las-10-represas-de-la-paz-y-el-alto-llegan-al-100-de-su-capacidad\/"},"modified":"2024-03-14T06:13:04","modified_gmt":"2024-03-14T10:13:04","slug":"por-las-lluvias-las-10-represas-de-la-paz-y-el-alto-llegan-al-100-de-su-capacidad","status":"publish","type":"post","link":"https:\/\/jms.com.bo\/mediamonitor\/2024\/03\/14\/por-las-lluvias-las-10-represas-de-la-paz-y-el-alto-llegan-al-100-de-su-capacidad\/","title":{"rendered":"Por las lluvias, las 10 represas de La Paz y El Alto llegan al 100% de su capacidad"},"content":{"rendered":"<p style=\"text-align: justify;\">Las intensas lluvias llenaron las 10 represas de agua de La Paz y El Alto, que llegaron al 100% de su capacidad, acumulando un total de 61,7 millones de metros c\u00fabicos (m3) del l\u00edquido, inform\u00f3 este mi\u00e9rcoles la Empresa P\u00fablica Social de Agua y Saneamiento (EPSAS).<\/p>\n<p style=\"text-align: justify;\">De acuerdo con el reporte oficial, hasta este 13 de marzo se acopiaron 61.698.216 metros c\u00fabicos de agua.<\/p>\n<p style=\"text-align: justify;\">La represa Tuni acumul\u00f3 24.643.281 m3; Incachaca 5.518.125 m3; Hampaturi 3.023.684 m3; Ajuankhota 3.597.441 m3; Milluni 8.375.027 m3; Hampaturi Alto 6.044.985 m3; Jankokhota 3.184.616 m3; Pampalarama 3.207.659 m3; Chacaltaya 2.715.953 m3 y Alpaquita 1.387.446 m3.<\/p>\n<p style=\"text-align: justify;\">El interventor de EPSAS, Jaime Guti\u00e9rrez, destac\u00f3 la cantidad de agua acumulada en las represas y llam\u00f3 a cuidarla, haciendo un buen uso.<\/p>\n<p style=\"text-align: justify;\">En febrero, Guti\u00e9rrez destac\u00f3 que por la temporada de lluvias en La Paz y por los niveles que registran las represas, la ciudad tendr\u00e1 abastecimiento de agua garantizado hasta fines de diciembre.<\/p>\n<p style=\"text-align: justify;\">\u201cDe acuerdo a las inspecciones con el Ministerio de Medio Ambiente, se ha evidenciado que siete de las 10 represas han llegado a su capacidad total y las mismas est\u00e1n sufriendo un rebalse natural; son las que corresponden a la cuenca de La Paz. Por tanto, vamos a tener el abastecimiento del l\u00edquido elemento con tranquilidad hasta fines de diciembre\u201d, asegur\u00f3 el funcionario.<\/p>\n","protected":false},"excerpt":{"rendered":"<p>Las intensas lluvias llenaron las 10 represas de agua de La Paz y El Alto, que llegaron al 100% de su capacidad, acumulando un total de 61,7 millones de metros c\u00fabicos (m3) del l\u00edquido, inform\u00f3 este mi\u00e9rcoles la Empresa P\u00fablica Social de Agua y Saneamiento (EPSAS). De acuerdo con el reporte oficial, hasta este 13 [&hellip;]<\/p>\n","protected":false},"author":4,"featured_media":64244,"comment_status":"open","ping_status":"closed","sticky":false,"template":"","format":"standard","meta":{"footnotes":""},"categories":[20],"tags":[],"class_list":{"0":"post-64243","1":"post","2":"type-post","3":"status-publish","4":"format-standard","5":"has-post-thumbnail","7":"category-actualidad"},"_links":{"self":[{"href":"https:\/\/jms.com.bo\/mediamonitor\/wp-json\/wp\/v2\/posts\/64243","targetHints":{"allow":["GET"]}}],"collection":[{"href":"https:\/\/jms.com.bo\/mediamonitor\/wp-json\/wp\/v2\/posts"}],"about":[{"href":"https:\/\/jms.com.bo\/mediamonitor\/wp-json\/wp\/v2\/types\/post"}],"author":[{"embeddable":true,"href":"https:\/\/jms.com.bo\/mediamonitor\/wp-json\/wp\/v2\/users\/4"}],"replies":[{"embeddable":true,"href":"https:\/\/jms.com.bo\/mediamonitor\/wp-json\/wp\/v2\/comments?post=64243"}],"version-history":[{"count":0,"href":"https:\/\/jms.com.bo\/mediamonitor\/wp-json\/wp\/v2\/posts\/64243\/revisions"}],"wp:featuredmedia":[{"embeddable":true,"href":"https:\/\/jms.com.bo\/mediamonitor\/wp-json\/wp\/v2\/media\/64244"}],"wp:attachment":[{"href":"https:\/\/jms.com.bo\/mediamonitor\/wp-json\/wp\/v2\/media?parent=64243"}],"wp:term":[{"taxonomy":"category","embeddable":true,"href":"https:\/\/jms.com.bo\/mediamonitor\/wp-json\/wp\/v2\/categories?post=64243"},{"taxonomy":"post_tag","embeddable":true,"href":"https:\/\/jms.com.bo\/mediamonitor\/wp-json\/wp\/v2\/tags?post=64243"}],"curies":[{"name":"wp","href":"https:\/\/api.w.org\/{rel}","templated":true}]}}