{"id":64245,"date":"2024-03-14T06:14:30","date_gmt":"2024-03-14T10:14:30","guid":{"rendered":"https:\/\/jms.com.bo\/mediamonitor\/2024\/03\/14\/cambio-a-ley-de-pension-afectara-a-todos-los-sectores-laborales\/"},"modified":"2024-03-14T06:14:30","modified_gmt":"2024-03-14T10:14:30","slug":"cambio-a-ley-de-pension-afectara-a-todos-los-sectores-laborales","status":"publish","type":"post","link":"https:\/\/jms.com.bo\/mediamonitor\/2024\/03\/14\/cambio-a-ley-de-pension-afectara-a-todos-los-sectores-laborales\/","title":{"rendered":"Cambio a ley de pensi\u00f3n afectar\u00e1 a todos los sectores laborales"},"content":{"rendered":"<p style=\"text-align: justify;\">La jubilaci\u00f3n a los 65 a\u00f1os, condicionada a un examen de salud, se aplicar\u00e1 a todos los sectores laborales y repercutir\u00e1 negativamente en las pensiones de jubilaci\u00f3n porque ser\u00e1n bajas, coincidieron analistas y dirigentes del magisterio y del sector salud.<\/p>\n<p style=\"text-align: justify;\">La disposici\u00f3n adicional \u00fanica del proyecto de modificaci\u00f3n de la Ley de Pensiones establece que la jubilaci\u00f3n a los 65 a\u00f1os de edad y, en caso de que los asegurados quieran seguir trabajando, tienen que someterse a un examen m\u00e9dico de aptitud f\u00edsica y mental en el Instituto Nacional de Salud Ocupacional.<\/p>\n<p style=\"text-align: justify;\">El abogado especialista en beneficios y prestaciones y exfuncionario de la Administradora de Fondo de Pensiones (APD) Previsi\u00f3n Oliver Vargas aclar\u00f3 que la implementaci\u00f3n de los cambios en la normativa se aplicar\u00e1n a todos los sectores laborales, aunque s\u00f3lo fue rechazada por los m\u00e9dicos y maestros urbanos.<\/p>\n<p style=\"text-align: justify;\">Mencion\u00f3 que hay trabajadores que tienen salarios bajos y no cumplen los 35 a\u00f1os de aportes; esto repercute negativamente en su jubilaci\u00f3n por sus rentas bajar\u00e1n en 40 por ciento.<\/p>\n<p style=\"text-align: justify;\">La dirigente de la Federaci\u00f3n de los Trabajadores del Magisterio Urbano de Cochabamba, Griselda Torres, expres\u00f3 el rechazo al proyecto de ley porque los maestros a los 65 a\u00f1os ganan cerca de 7 mil bolivianos, con lo que su renta baja a unos 4 mil bolivianos; monto que no alcanza para su subsistencia. \u201cPor eso los maestros no se jubilan a esa edad; siguen trabajando hasta pasado los 70 a\u00f1os\u201d, sostuvo.<\/p>\n<p style=\"text-align: justify;\">Denunci\u00f3 que el Gobierno central \u201cpretende usar la modificaci\u00f3n de la ley en beneficio de la parte patronal, con el sueldo de un maestro jubilado puede contratar a tres maestros que inician su carrera en el magisterio\u201d.<\/p>\n<p style=\"text-align: justify;\">Torres demand\u00f3 la reivindicaci\u00f3n de la jubilaci\u00f3n al 100 por ciento con el aporte tripartido, del trabajador, del Gobierno central y de la parte patronal. Destac\u00f3 la importancia de la esencia de la capitalizaci\u00f3n individual para mejorar la renta mensual de los jubilados.<\/p>\n<p style=\"text-align: justify;\">Rechazo<\/p>\n<p style=\"text-align: justify;\">Por su parte, el presidente del Colegio M\u00e9dico de Bolivia, Carlos Iriarte, rechaz\u00f3 la jubilaci\u00f3n obligatoria a los 65 a\u00f1os. Explic\u00f3 que los profesionales acumulan experiencia y experticia con el paso de los a\u00f1os; adem\u00e1s su formaci\u00f3n m\u00e1s especializaci\u00f3n dura m\u00e1s de 12 a\u00f1os.<\/p>\n<p style=\"text-align: justify;\">Exigieron que se garantice la vigencia del derecho a la jubilaci\u00f3n como una opci\u00f3n o decisi\u00f3n plenamente voluntaria \u201cy no como pretende imponer el proyecto de ley, como un mandato obligatorio a partir de los 65 a\u00f1os, con el indignante pretexto de supuestamente preservar la salud de la poblaci\u00f3n adulta mayor\u201d.<\/p>\n<p style=\"text-align: justify;\">Sobre el examen m\u00e9dico de aptitud f\u00edsica y mental para su continuidad laboral, asegur\u00f3 que se trata de un intento de burlar la voluntariedad de la jubilaci\u00f3n, \u201cuna maniobra para maquillar\u201d el proyecto.<\/p>\n","protected":false},"excerpt":{"rendered":"<p>La jubilaci\u00f3n a los 65 a\u00f1os, condicionada a un examen de salud, se aplicar\u00e1 a todos los sectores laborales y repercutir\u00e1 negativamente en las pensiones de jubilaci\u00f3n porque ser\u00e1n bajas, coincidieron analistas y dirigentes del magisterio y del sector salud. La disposici\u00f3n adicional \u00fanica del proyecto de modificaci\u00f3n de la Ley de Pensiones establece que [&hellip;]<\/p>\n","protected":false},"author":4,"featured_media":64246,"comment_status":"open","ping_status":"closed","sticky":false,"template":"","format":"standard","meta":{"footnotes":""},"categories":[20],"tags":[],"class_list":{"0":"post-64245","1":"post","2":"type-post","3":"status-publish","4":"format-standard","5":"has-post-thumbnail","7":"category-actualidad"},"_links":{"self":[{"href":"https:\/\/jms.com.bo\/mediamonitor\/wp-json\/wp\/v2\/posts\/64245","targetHints":{"allow":["GET"]}}],"collection":[{"href":"https:\/\/jms.com.bo\/mediamonitor\/wp-json\/wp\/v2\/posts"}],"about":[{"href":"https:\/\/jms.com.bo\/mediamonitor\/wp-json\/wp\/v2\/types\/post"}],"author":[{"embeddable":true,"href":"https:\/\/jms.com.bo\/mediamonitor\/wp-json\/wp\/v2\/users\/4"}],"replies":[{"embeddable":true,"href":"https:\/\/jms.com.bo\/mediamonitor\/wp-json\/wp\/v2\/comments?post=64245"}],"version-history":[{"count":0,"href":"https:\/\/jms.com.bo\/mediamonitor\/wp-json\/wp\/v2\/posts\/64245\/revisions"}],"wp:featuredmedia":[{"embeddable":true,"href":"https:\/\/jms.com.bo\/mediamonitor\/wp-json\/wp\/v2\/media\/64246"}],"wp:attachment":[{"href":"https:\/\/jms.com.bo\/mediamonitor\/wp-json\/wp\/v2\/media?parent=64245"}],"wp:term":[{"taxonomy":"category","embeddable":true,"href":"https:\/\/jms.com.bo\/mediamonitor\/wp-json\/wp\/v2\/categories?post=64245"},{"taxonomy":"post_tag","embeddable":true,"href":"https:\/\/jms.com.bo\/mediamonitor\/wp-json\/wp\/v2\/tags?post=64245"}],"curies":[{"name":"wp","href":"https:\/\/api.w.org\/{rel}","templated":true}]}}