{"id":64249,"date":"2024-03-14T06:17:57","date_gmt":"2024-03-14T10:17:57","guid":{"rendered":"https:\/\/jms.com.bo\/mediamonitor\/2024\/03\/14\/encuesta-en-marzo-cae-la-aprobacion-del-presidente-a-38-por-senales-de-crisis-economica\/"},"modified":"2024-03-14T06:17:57","modified_gmt":"2024-03-14T10:17:57","slug":"encuesta-en-marzo-cae-la-aprobacion-del-presidente-a-38-por-senales-de-crisis-economica","status":"publish","type":"post","link":"https:\/\/jms.com.bo\/mediamonitor\/2024\/03\/14\/encuesta-en-marzo-cae-la-aprobacion-del-presidente-a-38-por-senales-de-crisis-economica\/","title":{"rendered":"Encuesta: En marzo cae la aprobaci\u00f3n del Presidente a 38% por se\u00f1ales de crisis econ\u00f3mica"},"content":{"rendered":"<p style=\"text-align: justify;\">La aprobaci\u00f3n del presidente Luis Arce cay\u00f3 cuatro puntos en marzo, principalmente debido al ambiente de conflictividad que vive el pa\u00eds, pero tambi\u00e9n por la falta de d\u00f3lares y de gasolina, aspectos considerados importantes por los entrevistados.<\/p>\n<p style=\"text-align: justify;\">Seg\u00fan la encuesta de Diagnosis, entre enero y marzo se dio una ca\u00edda de la aprobaci\u00f3n presidencial de 42% a 38%.<\/p>\n<p style=\"text-align: justify;\">Entre enero y marzo, dijo la encuestadora, se combinaron tanto aspectos de inestabilidad pol\u00edtica (conflictos en la Asamblea Legislativa, bloqueo de caminos por las judiciales), as\u00ed como problemas econ\u00f3micos (escasez de combustibles y de d\u00f3lares y subida de precios).<\/p>\n<p style=\"text-align: justify;\">Los problemas econ\u00f3micos son los que m\u00e1s preocupan a la poblaci\u00f3n. Por eso los entrevistados destacan la inestabilidad econ\u00f3mica como el principal aspecto negativo del Gobierno.<\/p>\n<p style=\"text-align: justify;\">\u201cLo alarmante de esta situaci\u00f3n es que la ca\u00edda en la aprobaci\u00f3n de la gesti\u00f3n del Presidente se ha producido principalmente entre los segmentos que apoyan al Gobierno: clases bajas del Altiplano y sectores con nivel de instrucci\u00f3n t\u00e9cnico o superior\u201d, dice el informe del Gobierno.<\/p>\n<p style=\"text-align: justify;\">A pesar que estos segmentos perciben que las cosas en Bolivia a\u00fan est\u00e1n yendo \u201cbien\u201d, desaprueban la gesti\u00f3n del presidente por las primeras se\u00f1ales de una crisis econ\u00f3mica. Pese a estas cifras, la imagen positiva del presidente es superior a la de cualquier otro l\u00edder pol\u00edtico boliviano.<\/p>\n<p style=\"text-align: justify;\">Si los problemas econ\u00f3micas contin\u00faan, es previsible que los indicadores de apoyo al Presidente contin\u00faen deterior\u00e1ndose, lo que implica una mayor debilidad del Gobierno para hacer frente a una complicada agenda pol\u00edtico electoral el 2024 y 2025, agrega el an\u00e1lisis de la encuestadora.<\/p>\n<p style=\"text-align: justify;\">Los segmentos sociales en los que m\u00e1s ha ca\u00eddo la imagen del presidente son las clases medias, a un nivel del 29% (ver gr\u00e1fico).<\/p>\n<p style=\"text-align: justify;\">Lo m\u00e1s preocupante de esta encuesta para el oficialismo es que entre los encuestados que tienen una imagen positiva del Gobierno ha ca\u00eddo la aprobaci\u00f3n presidencial, de un 87% a un 54%. Quienes tienen una imagen negativa del Gobierno solo dan un 21% de respaldo al presidente Arce.<\/p>\n","protected":false},"excerpt":{"rendered":"<p>La aprobaci\u00f3n del presidente Luis Arce cay\u00f3 cuatro puntos en marzo, principalmente debido al ambiente de conflictividad que vive el pa\u00eds, pero tambi\u00e9n por la falta de d\u00f3lares y de gasolina, aspectos considerados importantes por los entrevistados. Seg\u00fan la encuesta de Diagnosis, entre enero y marzo se dio una ca\u00edda de la aprobaci\u00f3n presidencial de [&hellip;]<\/p>\n","protected":false},"author":4,"featured_media":64250,"comment_status":"open","ping_status":"closed","sticky":false,"template":"","format":"standard","meta":{"footnotes":""},"categories":[18],"tags":[],"class_list":{"0":"post-64249","1":"post","2":"type-post","3":"status-publish","4":"format-standard","5":"has-post-thumbnail","7":"category-politica"},"_links":{"self":[{"href":"https:\/\/jms.com.bo\/mediamonitor\/wp-json\/wp\/v2\/posts\/64249","targetHints":{"allow":["GET"]}}],"collection":[{"href":"https:\/\/jms.com.bo\/mediamonitor\/wp-json\/wp\/v2\/posts"}],"about":[{"href":"https:\/\/jms.com.bo\/mediamonitor\/wp-json\/wp\/v2\/types\/post"}],"author":[{"embeddable":true,"href":"https:\/\/jms.com.bo\/mediamonitor\/wp-json\/wp\/v2\/users\/4"}],"replies":[{"embeddable":true,"href":"https:\/\/jms.com.bo\/mediamonitor\/wp-json\/wp\/v2\/comments?post=64249"}],"version-history":[{"count":0,"href":"https:\/\/jms.com.bo\/mediamonitor\/wp-json\/wp\/v2\/posts\/64249\/revisions"}],"wp:featuredmedia":[{"embeddable":true,"href":"https:\/\/jms.com.bo\/mediamonitor\/wp-json\/wp\/v2\/media\/64250"}],"wp:attachment":[{"href":"https:\/\/jms.com.bo\/mediamonitor\/wp-json\/wp\/v2\/media?parent=64249"}],"wp:term":[{"taxonomy":"category","embeddable":true,"href":"https:\/\/jms.com.bo\/mediamonitor\/wp-json\/wp\/v2\/categories?post=64249"},{"taxonomy":"post_tag","embeddable":true,"href":"https:\/\/jms.com.bo\/mediamonitor\/wp-json\/wp\/v2\/tags?post=64249"}],"curies":[{"name":"wp","href":"https:\/\/api.w.org\/{rel}","templated":true}]}}