{"id":64253,"date":"2024-03-14T06:20:31","date_gmt":"2024-03-14T10:20:31","guid":{"rendered":"https:\/\/jms.com.bo\/mediamonitor\/2024\/03\/14\/vocal-del-tse-lamenta-dejadez-de-partidos-politicos-sobre-la-renovacion-de-directivas\/"},"modified":"2024-03-14T06:20:31","modified_gmt":"2024-03-14T10:20:31","slug":"vocal-del-tse-lamenta-dejadez-de-partidos-politicos-sobre-la-renovacion-de-directivas","status":"publish","type":"post","link":"https:\/\/jms.com.bo\/mediamonitor\/2024\/03\/14\/vocal-del-tse-lamenta-dejadez-de-partidos-politicos-sobre-la-renovacion-de-directivas\/","title":{"rendered":"Vocal del TSE lamenta \u2018dejadez\u2019 de partidos pol\u00edticos sobre la renovaci\u00f3n de directivas"},"content":{"rendered":"<p style=\"text-align: justify;\">El vocal del Tribunal Supremo Electoral (TSE) Tahuichi Tahuichi Quispe lament\u00f3 la \u201cabsoluta dejadez\u201d de los partidos, agrupaciones y alianzas pol\u00edticas que, hasta la fecha, no han renovado sus directivas ni actualizado sus estatutos org\u00e1nicos.<\/p>\n<p style=\"text-align: justify;\">En Piedra, Papel y Tinta, de La Raz\u00f3n, reiter\u00f3 que el \u201cplazo fatal\u201d es el 5 de mayo para que las organizaciones presenten sus actualizaciones. Advirti\u00f3 que las organizaciones pol\u00edticas que no cumplan con el plazo ser\u00e1n \u201cpasibles a un incumplimiento a la anotaci\u00f3n de una amonestaci\u00f3n y una resoluci\u00f3n del \u00d3rgano Electoral\u201d.<\/p>\n<p style=\"text-align: justify;\">Tahuichi advirti\u00f3 que el TSE ya ampli\u00f3 el plazo de 180 d\u00edas de presentaci\u00f3n por cuarta vez y record\u00f3 que la primera ampliaci\u00f3n fue hace dos a\u00f1os, en 2022.<\/p>\n<p style=\"text-align: justify;\">Al ser consultado en el mismo programa de La Raz\u00f3n por el periodista Jos\u00e9 \u201cGringo\u201d Gonz\u00e1les sobre una quinta ampliaci\u00f3n, el vocal indic\u00f3 que esa decisi\u00f3n la deber\u00e1 tomar la Sala Plena del TSE. \u201cUna vez que llegue el 5 de mayo, la Sala Plena va a adoptar una decisi\u00f3n institucional\u201d.<\/p>\n<p style=\"text-align: justify;\">El vocal inform\u00f3 que en Bolivia existen 166 organizaciones pol\u00edticas que deben actualizar su directiva, unas de alcance nacional, municipal y departamental. \u201cDe (alcance) nacional tenemos 11 partidos pol\u00edticos\u201d.<\/p>\n<p style=\"text-align: justify;\">A su vez, lament\u00f3 que las organizaciones pol\u00edticas todav\u00eda no han solicitado la supervisi\u00f3n de congresos de los partidos, alianzas y agrupaciones pol\u00edticas. \u201cHasta el momento no lleg\u00f3 ninguna nota de solicitud de supervisi\u00f3n. Formalmente no lleg\u00f3 a Sala Plena\u201d, dijo.<\/p>\n<p style=\"text-align: justify;\">Tahuichi explic\u00f3 que cualquier solicitud de supervisi\u00f3n debe cumplir con ciertos requisitos formales, cuya informaci\u00f3n ser\u00e1 revisada la secretaria del C\u00e1mara del TSE.<\/p>\n<p style=\"text-align: justify;\">\u201cSi cumple (con los requisitos), pasa a Sala Plena y Sala Plena ve si acepta o rechaza dicha solicitud\u201d, finaliz\u00f3.<\/p>\n<p style=\"text-align: justify;\">El Movimiento Al Socialismo (MAS) no ha presentado su nueva directiva, debido a la fractura de la organizaci\u00f3n. En 2023, la facci\u00f3n evista realiz\u00f3 un congreso que fue anulado por el TSE; mientras que la facci\u00f3n arcista anunci\u00f3 su congreso para el 3, 4 y 5 de mayo (plazo l\u00edmite de presentaci\u00f3n de directivas).<\/p>\n","protected":false},"excerpt":{"rendered":"<p>El vocal del Tribunal Supremo Electoral (TSE) Tahuichi Tahuichi Quispe lament\u00f3 la \u201cabsoluta dejadez\u201d de los partidos, agrupaciones y alianzas pol\u00edticas que, hasta la fecha, no han renovado sus directivas ni actualizado sus estatutos org\u00e1nicos. En Piedra, Papel y Tinta, de La Raz\u00f3n, reiter\u00f3 que el \u201cplazo fatal\u201d es el 5 de mayo para que [&hellip;]<\/p>\n","protected":false},"author":4,"featured_media":64254,"comment_status":"open","ping_status":"closed","sticky":false,"template":"","format":"standard","meta":{"footnotes":""},"categories":[18,48,46],"tags":[],"class_list":{"0":"post-64253","1":"post","2":"type-post","3":"status-publish","4":"format-standard","5":"has-post-thumbnail","7":"category-politica","8":"category-portada-general-sitio","9":"category-portada-politica"},"_links":{"self":[{"href":"https:\/\/jms.com.bo\/mediamonitor\/wp-json\/wp\/v2\/posts\/64253","targetHints":{"allow":["GET"]}}],"collection":[{"href":"https:\/\/jms.com.bo\/mediamonitor\/wp-json\/wp\/v2\/posts"}],"about":[{"href":"https:\/\/jms.com.bo\/mediamonitor\/wp-json\/wp\/v2\/types\/post"}],"author":[{"embeddable":true,"href":"https:\/\/jms.com.bo\/mediamonitor\/wp-json\/wp\/v2\/users\/4"}],"replies":[{"embeddable":true,"href":"https:\/\/jms.com.bo\/mediamonitor\/wp-json\/wp\/v2\/comments?post=64253"}],"version-history":[{"count":0,"href":"https:\/\/jms.com.bo\/mediamonitor\/wp-json\/wp\/v2\/posts\/64253\/revisions"}],"wp:featuredmedia":[{"embeddable":true,"href":"https:\/\/jms.com.bo\/mediamonitor\/wp-json\/wp\/v2\/media\/64254"}],"wp:attachment":[{"href":"https:\/\/jms.com.bo\/mediamonitor\/wp-json\/wp\/v2\/media?parent=64253"}],"wp:term":[{"taxonomy":"category","embeddable":true,"href":"https:\/\/jms.com.bo\/mediamonitor\/wp-json\/wp\/v2\/categories?post=64253"},{"taxonomy":"post_tag","embeddable":true,"href":"https:\/\/jms.com.bo\/mediamonitor\/wp-json\/wp\/v2\/tags?post=64253"}],"curies":[{"name":"wp","href":"https:\/\/api.w.org\/{rel}","templated":true}]}}