{"id":64263,"date":"2024-03-14T06:27:40","date_gmt":"2024-03-14T10:27:40","guid":{"rendered":"https:\/\/jms.com.bo\/mediamonitor\/2024\/03\/14\/la-paz-delapaz-atiende-emergencias\/"},"modified":"2024-03-14T06:27:40","modified_gmt":"2024-03-14T10:27:40","slug":"la-paz-delapaz-atiende-emergencias","status":"publish","type":"post","link":"https:\/\/jms.com.bo\/mediamonitor\/2024\/03\/14\/la-paz-delapaz-atiende-emergencias\/","title":{"rendered":"La Paz: Delapaz atiende emergencias"},"content":{"rendered":"<p style=\"text-align: justify;\">La empresa Distribuidora de Electricidad La Paz (Delapaz) atendi\u00f3 cuatro emergencias de consideraci\u00f3n en los municipios de La Paz y Achocalla, y restableci\u00f3 de manera gradual el servicio de energ\u00eda el\u00e9ctrica en las zonas afectadas por lluvias.<\/p>\n<p style=\"text-align: justify;\">La primera emergencia ocurri\u00f3 en inmediaciones de la plaza de la Mujer, en Seg\u00fcencoma, donde, durante los trabajos realizados por la Alcald\u00eda de La Paz, una retroexcavadora choc\u00f3 con uno de los postes, causando su desplome y dejando tres transformadores sin energ\u00eda.<\/p>\n<p style=\"text-align: justify;\">El incidente fue cerca de la 01h00 de este mi\u00e9rcoles, afectando el suministro el\u00e9ctrico en las zonas Bella Vista, Seg\u00fcencoma, Las Retamas, Bajo Seg\u00fcencoma; y las urbanizaciones Gramadal, Jos\u00e9 Reyes Carvajal y Amor de Dios.<\/p>\n<p style=\"text-align: justify;\">\u201cPersonal de la empresa distribuidora intervino de manera inmediata para restablecer el servicio de electricidad\u201d, inform\u00f3 el jefe de la Secci\u00f3n de Reclamos de Delapaz, Matheus Sandoval.<\/p>\n<p style=\"text-align: justify;\">Otro punto cr\u00edtico se present\u00f3 en Kantutani, ocasionado por un sifonamiento del terreno que produjo una inclinaci\u00f3n del poste, causando la ca\u00edda del transformador.<\/p>\n<p style=\"text-align: justify;\">De igual forma, t\u00e9cnicos de la empresa trabajan para trasladar el poste a un terreno m\u00e1s seguro.<\/p>\n<p style=\"text-align: justify;\">En Sopocachi, se present\u00f3 otra emergencia y en la ma\u00f1ana se restituy\u00f3 plenamente el servicio.<\/p>\n<p style=\"text-align: justify;\">Mientras en Achocalla los vecinos detectaron seis postes en peligro de caer.<\/p>\n","protected":false},"excerpt":{"rendered":"<p>La empresa Distribuidora de Electricidad La Paz (Delapaz) atendi\u00f3 cuatro emergencias de consideraci\u00f3n en los municipios de La Paz y Achocalla, y restableci\u00f3 de manera gradual el servicio de energ\u00eda el\u00e9ctrica en las zonas afectadas por lluvias. La primera emergencia ocurri\u00f3 en inmediaciones de la plaza de la Mujer, en Seg\u00fcencoma, donde, durante los trabajos [&hellip;]<\/p>\n","protected":false},"author":4,"featured_media":64264,"comment_status":"open","ping_status":"closed","sticky":false,"template":"","format":"standard","meta":{"footnotes":""},"categories":[39],"tags":[],"class_list":{"0":"post-64263","1":"post","2":"type-post","3":"status-publish","4":"format-standard","5":"has-post-thumbnail","7":"category-energia"},"_links":{"self":[{"href":"https:\/\/jms.com.bo\/mediamonitor\/wp-json\/wp\/v2\/posts\/64263","targetHints":{"allow":["GET"]}}],"collection":[{"href":"https:\/\/jms.com.bo\/mediamonitor\/wp-json\/wp\/v2\/posts"}],"about":[{"href":"https:\/\/jms.com.bo\/mediamonitor\/wp-json\/wp\/v2\/types\/post"}],"author":[{"embeddable":true,"href":"https:\/\/jms.com.bo\/mediamonitor\/wp-json\/wp\/v2\/users\/4"}],"replies":[{"embeddable":true,"href":"https:\/\/jms.com.bo\/mediamonitor\/wp-json\/wp\/v2\/comments?post=64263"}],"version-history":[{"count":0,"href":"https:\/\/jms.com.bo\/mediamonitor\/wp-json\/wp\/v2\/posts\/64263\/revisions"}],"wp:featuredmedia":[{"embeddable":true,"href":"https:\/\/jms.com.bo\/mediamonitor\/wp-json\/wp\/v2\/media\/64264"}],"wp:attachment":[{"href":"https:\/\/jms.com.bo\/mediamonitor\/wp-json\/wp\/v2\/media?parent=64263"}],"wp:term":[{"taxonomy":"category","embeddable":true,"href":"https:\/\/jms.com.bo\/mediamonitor\/wp-json\/wp\/v2\/categories?post=64263"},{"taxonomy":"post_tag","embeddable":true,"href":"https:\/\/jms.com.bo\/mediamonitor\/wp-json\/wp\/v2\/tags?post=64263"}],"curies":[{"name":"wp","href":"https:\/\/api.w.org\/{rel}","templated":true}]}}