{"id":64267,"date":"2024-03-14T06:30:03","date_gmt":"2024-03-14T10:30:03","guid":{"rendered":"https:\/\/jms.com.bo\/mediamonitor\/2024\/03\/14\/la-hidroelectrica-ivirizu-iniciara-el-embalse-de-agua-en-septiembre\/"},"modified":"2024-03-14T06:30:03","modified_gmt":"2024-03-14T10:30:03","slug":"la-hidroelectrica-ivirizu-iniciara-el-embalse-de-agua-en-septiembre","status":"publish","type":"post","link":"https:\/\/jms.com.bo\/mediamonitor\/2024\/03\/14\/la-hidroelectrica-ivirizu-iniciara-el-embalse-de-agua-en-septiembre\/","title":{"rendered":"La hidroel\u00e9ctrica Ivirizu iniciar\u00e1 el embalse de agua en septiembre"},"content":{"rendered":"<p style=\"text-align: justify;\">El proyecto de energ\u00eda hidroel\u00e9ctrica Ivirizu ingres\u00f3 a su fase final y reporta un avance f\u00edsico de 82 por ciento.<\/p>\n<p style=\"text-align: justify;\">La presa alcanz\u00f3 una altura de 88,52 metros y en septiembre pr\u00f3ximo se iniciar\u00e1 el embalse de agua, por lo que se prev\u00e9 que hasta fin de 2024 se tengan grandes avances en cuanto a obras civiles, inform\u00f3 el gerente general de la Empresa Nacional de Electricidad (ENDE-Valle Hermoso), \u00c1lvaro Herbas Camacho.<\/p>\n<p style=\"text-align: justify;\">El ejecutivo explic\u00f3 que se concluy\u00f3 la construcci\u00f3n de los ocho kil\u00f3metros de t\u00faneles, que transportar\u00e1n el agua a las centrales hidroel\u00e9ctricas Juntas y Sehuencas y hasta mediados de este a\u00f1o, se colocar\u00e1 la compuerta principal del t\u00fanel para controlar la salida de agua del embalse.<\/p>\n<p style=\"text-align: justify;\">La casa de m\u00e1quinas de la hidroel\u00e9ctrica Juntas est\u00e1 a punto de concluirse y, aunque se tuvieron problemas de deslizamiento del talud, \u00e9ste fue estabilizado, para comenzar las excavaciones de la casa de m\u00e1quinas de la central hidroel\u00e9ctrica Sehuencas.<\/p>\n<p style=\"text-align: justify;\">La tuber\u00eda forzada o Penstock es otro gran hito de esta obra y est\u00e1 a pocos meses de empalmarse, al igual que la instalaci\u00f3n de las subestaciones y l\u00edneas de transmisi\u00f3n, que, a la fecha, se encuentran en el lugar junto a todos los equipos electromec\u00e1nicos y los cinco transformadores de ambas centrales.<\/p>\n<p style=\"text-align: justify;\">Herbas destac\u00f3 que el tiempo perdido por los conflictos sociales y la pandemia pudo compensarse gracias al compromiso y esfuerzo de los trabajadores de ENDE, logrando una ejecuci\u00f3n presupuestaria del 83 por ciento a febrero de 2024.<\/p>\n<p style=\"text-align: justify;\">Se prev\u00e9 que el Proyecto Hidroel\u00e9ctrico Ivirizu aporte 290 megavatios (MW) de potencia instalada al Sistema Interconectado Nacional (SIN).<\/p>\n","protected":false},"excerpt":{"rendered":"<p>El proyecto de energ\u00eda hidroel\u00e9ctrica Ivirizu ingres\u00f3 a su fase final y reporta un avance f\u00edsico de 82 por ciento. La presa alcanz\u00f3 una altura de 88,52 metros y en septiembre pr\u00f3ximo se iniciar\u00e1 el embalse de agua, por lo que se prev\u00e9 que hasta fin de 2024 se tengan grandes avances en cuanto a [&hellip;]<\/p>\n","protected":false},"author":4,"featured_media":64268,"comment_status":"open","ping_status":"closed","sticky":false,"template":"","format":"standard","meta":{"footnotes":""},"categories":[39],"tags":[],"class_list":{"0":"post-64267","1":"post","2":"type-post","3":"status-publish","4":"format-standard","5":"has-post-thumbnail","7":"category-energia"},"_links":{"self":[{"href":"https:\/\/jms.com.bo\/mediamonitor\/wp-json\/wp\/v2\/posts\/64267","targetHints":{"allow":["GET"]}}],"collection":[{"href":"https:\/\/jms.com.bo\/mediamonitor\/wp-json\/wp\/v2\/posts"}],"about":[{"href":"https:\/\/jms.com.bo\/mediamonitor\/wp-json\/wp\/v2\/types\/post"}],"author":[{"embeddable":true,"href":"https:\/\/jms.com.bo\/mediamonitor\/wp-json\/wp\/v2\/users\/4"}],"replies":[{"embeddable":true,"href":"https:\/\/jms.com.bo\/mediamonitor\/wp-json\/wp\/v2\/comments?post=64267"}],"version-history":[{"count":0,"href":"https:\/\/jms.com.bo\/mediamonitor\/wp-json\/wp\/v2\/posts\/64267\/revisions"}],"wp:featuredmedia":[{"embeddable":true,"href":"https:\/\/jms.com.bo\/mediamonitor\/wp-json\/wp\/v2\/media\/64268"}],"wp:attachment":[{"href":"https:\/\/jms.com.bo\/mediamonitor\/wp-json\/wp\/v2\/media?parent=64267"}],"wp:term":[{"taxonomy":"category","embeddable":true,"href":"https:\/\/jms.com.bo\/mediamonitor\/wp-json\/wp\/v2\/categories?post=64267"},{"taxonomy":"post_tag","embeddable":true,"href":"https:\/\/jms.com.bo\/mediamonitor\/wp-json\/wp\/v2\/tags?post=64267"}],"curies":[{"name":"wp","href":"https:\/\/api.w.org\/{rel}","templated":true}]}}