{"id":64448,"date":"2024-03-21T07:02:14","date_gmt":"2024-03-21T11:02:14","guid":{"rendered":"https:\/\/jms.com.bo\/mediamonitor\/2024\/03\/21\/la-plaga-de-langostas-afecta-70-hectareas-de-cultivos-en-raqaypampa\/"},"modified":"2024-03-21T07:03:38","modified_gmt":"2024-03-21T11:03:38","slug":"la-plaga-de-langostas-afecta-70-hectareas-de-cultivos-en-raqaypampa","status":"publish","type":"post","link":"https:\/\/jms.com.bo\/mediamonitor\/2024\/03\/21\/la-plaga-de-langostas-afecta-70-hectareas-de-cultivos-en-raqaypampa\/","title":{"rendered":"La plaga de langostas afecta 70 hect\u00e1reas de cultivos en Raqaypampa"},"content":{"rendered":"<p style=\"text-align: justify;\">La plaga de langostas que fue reportada la semana pasada en el Territorio Ind\u00edgena Originario Campesino (TIOC) Raqaypampa, ubicado en la provincia Mizque del departamento de Cochabamba, afect\u00f3 a 70 hect\u00e1reas de cultivos de granos y cereales, informaron autoridades de esa regi\u00f3n.<\/p>\n<p style=\"text-align: justify;\">Los Tiempos, en un recorrido por algunas comunidades afectadas por estos insectos, que hasta el momento no se sabe a qu\u00e9 tipo de especie pertenecen, evidenci\u00f3 la afectaci\u00f3n que existe, principalmente a los cultivos de ma\u00edz, cuyas hojas y fruto fueron devorados por las langostas.<\/p>\n<p style=\"text-align: justify;\">El responsable de Desarrollo Productivo del TIOC Raqaypampa, Roger Claros, explic\u00f3 que la plaga de langostas sigue activa y esto ha generado la preocupaci\u00f3n de los pobladores de las comunidades afectadas.<\/p>\n<p style=\"text-align: justify;\">Se ha contabilizado hasta el momento 70 hect\u00e1reas de sembrad\u00edos de avena, ma\u00edz, trigo y otros granos en siete comunidades distribuidas en tres subcentrales: Laguna, Santiago y Raqaypampa, precis\u00f3 el funcionario.<\/p>\n<p style=\"text-align: justify;\">Si bien la p\u00e9rdida no es grande \u2014manifest\u00f3 Claros\u2014, s\u00ed es necesario controlar la plaga y, para ello, se est\u00e1n haciendo fumigaciones a fin de eliminar a las langostas y de esta manera evitar que generen una mayor afectaci\u00f3n a los agricultores.<\/p>\n<p style=\"text-align: justify;\">Descart\u00f3 la posibilidad de que las autoridades del TIOC declaren una emergencia; m\u00e1s bien se profundizar\u00e1n los trabajos de fumigaci\u00f3n a fin de controlar por completo a la plaga de langostas.<\/p>\n<p style=\"text-align: justify;\">\u201cLa situaci\u00f3n no es para declarar emergencia, no es una p\u00e9rdida grande, pero s\u00ed es un da\u00f1o. Lo que queremos es controlar la plaga porque se est\u00e1n reproduciendo (los insectos)\u201d, remarc\u00f3 el funcionario.<\/p>\n<p style=\"text-align: justify;\">Recolecci\u00f3n muestras<\/p>\n<p style=\"text-align: justify;\">El entom\u00f3logo e investigador de la Facultad de Agronom\u00eda de la Universidad Mayor de San Sim\u00f3n (UMSS) Ilich Figueroa recolect\u00f3 muestras para determinar cu\u00e1l es el tipo de langosta que ha proliferado en Raqaypampa.<\/p>\n<p style=\"text-align: justify;\">El experto explic\u00f3 que la proliferaci\u00f3n masiva del insecto se debi\u00f3 a una \u00e9poca prolongada de sequ\u00eda seguida de lluvias intensas, lo que caus\u00f3 una eclosi\u00f3n masiva de huevos de langosta.<\/p>\n<p style=\"text-align: justify;\">Manifest\u00f3 que este evento es normal y continuar\u00e1 hasta que llegue la \u00e9poca seca en mayo. A\u00f1adi\u00f3 que los insectos viven unas tres semanas y las hembras depositan hasta mil huevos en ese tiempo.<\/p>\n<p style=\"text-align: justify;\">Para evitar da\u00f1os futuros por plagas de langostas, el entom\u00f3logo recomienda diversificar sus cultivos y no practicar el monocultivo.<\/p>\n<p style=\"text-align: justify;\">La proliferaci\u00f3n de langostas en la comunidad de Lagunas es abundante en las parcelas de cultivos y pastizales, los insectos tienen una presencia masiva.<\/p>\n<p style=\"text-align: justify;\">Los comunarios piden ayuda de las autoridades para evitar la multiplicaci\u00f3n del insecto. El representante de la comunidad de Shachayoj,<\/p>\n<p style=\"text-align: justify;\">Faustino Miranda, mencion\u00f3 que en su comunidad hab\u00eda 60 familias afectadas por la plaga y que necesitan apoyo de la Gobernaci\u00f3n de Cochabamba.<\/p>\n<p style=\"text-align: justify;\">\n","protected":false},"excerpt":{"rendered":"<p>La plaga de langostas que fue reportada la semana pasada en el Territorio Ind\u00edgena Originario Campesino (TIOC) Raqaypampa, ubicado en la provincia Mizque del departamento de Cochabamba, afect\u00f3 a 70 hect\u00e1reas de cultivos de granos y cereales, informaron autoridades de esa regi\u00f3n. Los Tiempos, en un recorrido por algunas comunidades afectadas por estos insectos, que [&hellip;]<\/p>\n","protected":false},"author":4,"featured_media":64449,"comment_status":"open","ping_status":"closed","sticky":false,"template":"","format":"standard","meta":{"footnotes":""},"categories":[52],"tags":[],"class_list":{"0":"post-64448","1":"post","2":"type-post","3":"status-publish","4":"format-standard","5":"has-post-thumbnail","7":"category-alimentos-agroindustria"},"_links":{"self":[{"href":"https:\/\/jms.com.bo\/mediamonitor\/wp-json\/wp\/v2\/posts\/64448","targetHints":{"allow":["GET"]}}],"collection":[{"href":"https:\/\/jms.com.bo\/mediamonitor\/wp-json\/wp\/v2\/posts"}],"about":[{"href":"https:\/\/jms.com.bo\/mediamonitor\/wp-json\/wp\/v2\/types\/post"}],"author":[{"embeddable":true,"href":"https:\/\/jms.com.bo\/mediamonitor\/wp-json\/wp\/v2\/users\/4"}],"replies":[{"embeddable":true,"href":"https:\/\/jms.com.bo\/mediamonitor\/wp-json\/wp\/v2\/comments?post=64448"}],"version-history":[{"count":1,"href":"https:\/\/jms.com.bo\/mediamonitor\/wp-json\/wp\/v2\/posts\/64448\/revisions"}],"predecessor-version":[{"id":64450,"href":"https:\/\/jms.com.bo\/mediamonitor\/wp-json\/wp\/v2\/posts\/64448\/revisions\/64450"}],"wp:featuredmedia":[{"embeddable":true,"href":"https:\/\/jms.com.bo\/mediamonitor\/wp-json\/wp\/v2\/media\/64449"}],"wp:attachment":[{"href":"https:\/\/jms.com.bo\/mediamonitor\/wp-json\/wp\/v2\/media?parent=64448"}],"wp:term":[{"taxonomy":"category","embeddable":true,"href":"https:\/\/jms.com.bo\/mediamonitor\/wp-json\/wp\/v2\/categories?post=64448"},{"taxonomy":"post_tag","embeddable":true,"href":"https:\/\/jms.com.bo\/mediamonitor\/wp-json\/wp\/v2\/tags?post=64448"}],"curies":[{"name":"wp","href":"https:\/\/api.w.org\/{rel}","templated":true}]}}