{"id":64610,"date":"2024-03-26T06:36:27","date_gmt":"2024-03-26T10:36:27","guid":{"rendered":"https:\/\/jms.com.bo\/mediamonitor\/2024\/03\/26\/produccion-de-gas-en-caida-en-bolivia-y-brasil-ya-busca-proveedores-seguros\/"},"modified":"2024-03-26T06:36:27","modified_gmt":"2024-03-26T10:36:27","slug":"produccion-de-gas-en-caida-en-bolivia-y-brasil-ya-busca-proveedores-seguros","status":"publish","type":"post","link":"https:\/\/jms.com.bo\/mediamonitor\/2024\/03\/26\/produccion-de-gas-en-caida-en-bolivia-y-brasil-ya-busca-proveedores-seguros\/","title":{"rendered":"Producci\u00f3n de gas en ca\u00edda en Bolivia y Brasil ya busca proveedores seguros"},"content":{"rendered":"<p style=\"text-align: justify;\">Datos oficiales muestran una ca\u00edda de la producci\u00f3n de gas en la presente gesti\u00f3n, a 31,90 millones de metros c\u00fabicos d\u00eda (MMmcd), Bolivia mantiene la tendencia decreciente y los compradores toman sus previsiones para asegurar energ\u00eda para sus econom\u00edas, como Brasil.<br \/>\nEl plan implementado por Yacimientos Petrol\u00edferos Fiscales Bolivianos (YPFB), a partir del 2022, todav\u00eda con resultados inciertos, a pesar del optimismo de las autoridades del sector de hidrocarburos.<br \/>\nDe acuerdo a la informaci\u00f3n de YPFB, el 2019 la producci\u00f3n alcanz\u00f3 a 45,36 MMmcd, pero el 2022 empez\u00f3 a caer a 41,30 MMmcd y para este a\u00f1o se espera que la cifra est\u00e9 en 31,90 MMmcd.<br \/>\nLa nacionalizaci\u00f3n y el Estado provocaron la ca\u00edda de la producci\u00f3n, debido a que no se realizaron una inversi\u00f3n significativa en exploraci\u00f3n. El analista Mauricio Medinaceli, en una entrevista con un medio local, indic\u00f3 que ahora se tiene que hacer una ley de siembra, ya que la norma actual fue de cosecha, para volver a ser un actor principal en materia energ\u00e9tica.<br \/>\nSimilar posici\u00f3n fue expresado la pasada gesti\u00f3n por el analista de la Fundaci\u00f3n Jubileo, Ra\u00fal Vel\u00e1squez, quien plante\u00f3 una nueva ley de hidrocarburos para ordenar la norma, para atraer inversiones con incentivos.<br \/>\nTambi\u00e9n fue expresado en reiteradas oportunidades por el ministro de Hidrocarburos, Franklin Molina, sin embargo, parece que los ejecutivos de YPFB no estar\u00edan a tono con la principal autoridad del sector.<\/p>\n<p style=\"text-align: justify;\">Panorama internacional<br \/>\nLa ca\u00edda del gas boliviano acelera el inter\u00e9s de Brasil, se\u00f1ala el periodista de https:\/\/www.mejorenergia.com.ar\/, con respecto al nuevo contexto que se presenta en la Argentina con la marcha y el potencial de Vaca Muerta.<br \/>\nLa ca\u00edda constante de la producci\u00f3n de Bolivia acelera el ritmo de los pronunciamientos. Argentina tendr\u00e1 que importar GNL en el invierno, pese a los avances en la reversi\u00f3n del Gasoducto Norte, y al mismo tiempo Brasil busca garantizarse gas para las pr\u00f3ximas d\u00e9cadas. Su proveedor estrat\u00e9gico en la regi\u00f3n tampoco podr\u00e1 responderle, tal como se viene anticipando con la llegada de cada a\u00f1o, anticipa el medio.<br \/>\nEn su momento, Madenaceli dijo que si bien Brasil no dejar\u00e1 de comprar gas boliviano, pero ser\u00e1 pocos vol\u00famenes y por per\u00edodos cortos, ya que alcanzar un nuevo contrato, como el que se ten\u00eda, requiere de certezas, y estas son las reservas y nuevos descubrimientos, que no las hay.<br \/>\nMientras tanto, Castro sostiene que el proceso de expansi\u00f3n del shale gas de Vaca Muerta est\u00e1 ante dos variables nada desde\u00f1ables. Una de ellas es el horizonte m\u00e1ximo dado por el plan del Gas Natural Licuado (GNL), con el proyecto impulsado por YPF hacia el 2031, que esta semana tuvo un importante anuncio: la compulsa para la ingenier\u00eda de unidades flotantes de licuefacci\u00f3n, que podr\u00edan ser la primera escala para el gas no convencional neuquino dentro de ese proyecto.<br \/>\nLa petrolera argentina y Petronas apuntan a licuar 80 millones de metros c\u00fabicos (MMm3\/d) al final de la d\u00e9cada. Este camino tiene instancias intermedias. Entre ellas la convocatoria a otras grandes actoras con bloques en Argentina, seg\u00fan el medio digital https:\/\/www.mejorenergia.com.ar\/.<br \/>\nEl mediano-largo plazo lo impone, tambi\u00e9n, la presi\u00f3n del mercado mundial y la geopol\u00edtica en la regi\u00f3n. La pandemia y la guerra entre Rusia y Ucrania-OTAN impulsaron los precios a valores r\u00e9cords, con el consiguiente efecto inflacionario en buena parte de las econom\u00edas del mundo. Es el punto en el que los gobiernos regionales deben eludir m\u00e1s bien sus diferencias y pujas de intereses que el resultado final de un ahorro mega millonario si se tiene en cuenta el imponderable de precios del GNL.<br \/>\nEn el plano pol\u00edtico, entre Argentina y Brasil, los pronunciamientos s\u00ed supieron a saltarse la grieta en los \u00faltimos tres a\u00f1os. El expresidente Jair Bolsonaro, esquiv\u00f3 sus profundas diferencias ideol\u00f3gicas con el gobierno del Frente de Todos de Alberto Fern\u00e1ndez. \u201cNuestro acuerdo del gas avanza\u201d, le dijo p\u00fablicamente a su par argentino en junio del 2022. Un a\u00f1o antes, en el Foro de Davos, el expresidente de YPF, Guillermo Nielsen, comparti\u00f3 un panel con el entonces ministro de Econom\u00eda brasile\u00f1o, Paulo Guedes: \u201cVamos a intentar conectarnos con Vaca Muerta\u201d, dijo el funcionario, recuerda el medio digital.<br \/>\nCon la asunci\u00f3n de Luis Inacio Da Silva, el inter\u00e9s permanece intacto: \u201cSer\u00e1 necesario llegar a un consenso entre los tres vecinos\u201d, indic\u00f3 esta semana a la agencia EPBR Maur\u00edcio Tolmasquim, director de Transici\u00f3n Energ\u00e9tica y Sostenibilidad de Petrobras, durante su participaci\u00f3n en CERAWeek, la cita global de la industria desarrollada en Houston. \u201cCreo que tenemos que seguir una escala de intentos -del m\u00e1s barato al m\u00e1s caro, del m\u00e1s f\u00e1cil al m\u00e1s dif\u00edcil- hasta que podamos converger\u201d, sostuvo.<br \/>\nLa clave seguir\u00e1 siendo el transporte. Es parte del acuerdo para el futuro del shale gas de Neuqu\u00e9n. La disyuntiva a resolver es si se reutilizan los ductos que vinculan Bolivia y Brasil v\u00eda el Gasoducto Norte; o si se apuntala finalmente el tramo dos del gasoducto N\u00e9stor Kirchner (entre Salliquel\u00f3 y San Jer\u00f3nimo -Santa Fe-); o si se opta incluso por un mix de ambos y la producci\u00f3n de GNL desde la costa Atl\u00e1ntica en Argentina, en el m\u00e1s largo plazo, reflexiona.<\/p>\n","protected":false},"excerpt":{"rendered":"<p>Datos oficiales muestran una ca\u00edda de la producci\u00f3n de gas en la presente gesti\u00f3n, a 31,90 millones de metros c\u00fabicos d\u00eda (MMmcd), Bolivia mantiene la tendencia decreciente y los compradores toman sus previsiones para asegurar energ\u00eda para sus econom\u00edas, como Brasil. El plan implementado por Yacimientos Petrol\u00edferos Fiscales Bolivianos (YPFB), a partir del 2022, todav\u00eda [&hellip;]<\/p>\n","protected":false},"author":4,"featured_media":64611,"comment_status":"open","ping_status":"closed","sticky":false,"template":"","format":"standard","meta":{"footnotes":""},"categories":[40,23],"tags":[],"class_list":{"0":"post-64610","1":"post","2":"type-post","3":"status-publish","4":"format-standard","5":"has-post-thumbnail","7":"category-bolivia","8":"category-hidrocarburos"},"_links":{"self":[{"href":"https:\/\/jms.com.bo\/mediamonitor\/wp-json\/wp\/v2\/posts\/64610","targetHints":{"allow":["GET"]}}],"collection":[{"href":"https:\/\/jms.com.bo\/mediamonitor\/wp-json\/wp\/v2\/posts"}],"about":[{"href":"https:\/\/jms.com.bo\/mediamonitor\/wp-json\/wp\/v2\/types\/post"}],"author":[{"embeddable":true,"href":"https:\/\/jms.com.bo\/mediamonitor\/wp-json\/wp\/v2\/users\/4"}],"replies":[{"embeddable":true,"href":"https:\/\/jms.com.bo\/mediamonitor\/wp-json\/wp\/v2\/comments?post=64610"}],"version-history":[{"count":0,"href":"https:\/\/jms.com.bo\/mediamonitor\/wp-json\/wp\/v2\/posts\/64610\/revisions"}],"wp:featuredmedia":[{"embeddable":true,"href":"https:\/\/jms.com.bo\/mediamonitor\/wp-json\/wp\/v2\/media\/64611"}],"wp:attachment":[{"href":"https:\/\/jms.com.bo\/mediamonitor\/wp-json\/wp\/v2\/media?parent=64610"}],"wp:term":[{"taxonomy":"category","embeddable":true,"href":"https:\/\/jms.com.bo\/mediamonitor\/wp-json\/wp\/v2\/categories?post=64610"},{"taxonomy":"post_tag","embeddable":true,"href":"https:\/\/jms.com.bo\/mediamonitor\/wp-json\/wp\/v2\/tags?post=64610"}],"curies":[{"name":"wp","href":"https:\/\/api.w.org\/{rel}","templated":true}]}}