{"id":64616,"date":"2024-03-28T06:31:48","date_gmt":"2024-03-28T10:31:48","guid":{"rendered":"https:\/\/jms.com.bo\/mediamonitor\/2024\/03\/27\/en-abril-empezara-la-vacunacion-contra-la-influenza-asegura-salud\/"},"modified":"2024-03-28T06:31:57","modified_gmt":"2024-03-28T10:31:57","slug":"en-abril-empezara-la-vacunacion-contra-la-influenza-asegura-salud-2","status":"publish","type":"post","link":"https:\/\/jms.com.bo\/mediamonitor\/2024\/03\/28\/en-abril-empezara-la-vacunacion-contra-la-influenza-asegura-salud-2\/","title":{"rendered":"En abril empezar\u00e1 la vacunaci\u00f3n contra la influenza, asegura Salud"},"content":{"rendered":"<p style=\"text-align: justify;\">Una de las formas efectivas de prevenci\u00f3n de la influenza es la vacunaci\u00f3n; la cual el Ministerio de Salud planifica desplegar como campa\u00f1a en el territorio nacional desde abril.<\/p>\n<p style=\"text-align: justify;\">\u201cVamos a empezar vacunando en abril, mayo, junio y ah\u00ed terminamos nuestra campa\u00f1a, porque si no ya no tiene sentido, porque es un virus diferente el que despu\u00e9s va circulando\u201d, inform\u00f3 en contacto con La Raz\u00f3n Radio el viceministro de Promoci\u00f3n, Vigilancia Epidemiol\u00f3gica y Medicina Tradicional, Max Enr\u00edquez.<\/p>\n<p style=\"text-align: justify;\">El departamento de Santa Cruz atraviesa actualmente un brote de la enfermedad, no obstante, la autoridad aclar\u00f3 que para cada fase se dise\u00f1a una vacuna diferente, que responda al virus en circulaci\u00f3n; las dosis para esta gesti\u00f3n a\u00fan est\u00e1n en plena preparaci\u00f3n.<\/p>\n<p style=\"text-align: justify;\">\u201cEntre octubre, enero, febrero, que se han empezado a recolectar estas muestras para hacer la fabricaci\u00f3n de la nueva vacuna, que ya nos llegar\u00e1 en las pr\u00f3ximas semanas. Esta va a ser una vacunaci\u00f3n previa al invierno\u201d, afirm\u00f3 Enr\u00edquez.<\/p>\n<p style=\"text-align: justify;\">Por ahora, se pidi\u00f3 optar por las medidas de bioseguridad para prevenir la influenza; entre estos se encuentra el barbijo, lavado y desinfecci\u00f3n de manos y mantener el distanciamiento social. El viceministro indic\u00f3 que se prev\u00e9 que los contagios de influenza vayan en descenso en el departamento de Santa Cruz. En esta regi\u00f3n incluso ya ha y un fallecido, una ni\u00f1a de nueve a\u00f1os; adem\u00e1s de otras personas en terapia intensiva y hospitalizadas, de acuerdo con el reporte del Servicio Departamental de Salud (Sedes).<\/p>\n","protected":false},"excerpt":{"rendered":"<p>Una de las formas efectivas de prevenci\u00f3n de la influenza es la vacunaci\u00f3n; la cual el Ministerio de Salud planifica desplegar como campa\u00f1a en el territorio nacional desde abril. \u201cVamos a empezar vacunando en abril, mayo, junio y ah\u00ed terminamos nuestra campa\u00f1a, porque si no ya no tiene sentido, porque es un virus diferente el [&hellip;]<\/p>\n","protected":false},"author":4,"featured_media":64660,"comment_status":"open","ping_status":"closed","sticky":false,"template":"","format":"standard","meta":{"footnotes":""},"categories":[53],"tags":[],"class_list":{"0":"post-64616","1":"post","2":"type-post","3":"status-publish","4":"format-standard","5":"has-post-thumbnail","7":"category-salud"},"_links":{"self":[{"href":"https:\/\/jms.com.bo\/mediamonitor\/wp-json\/wp\/v2\/posts\/64616","targetHints":{"allow":["GET"]}}],"collection":[{"href":"https:\/\/jms.com.bo\/mediamonitor\/wp-json\/wp\/v2\/posts"}],"about":[{"href":"https:\/\/jms.com.bo\/mediamonitor\/wp-json\/wp\/v2\/types\/post"}],"author":[{"embeddable":true,"href":"https:\/\/jms.com.bo\/mediamonitor\/wp-json\/wp\/v2\/users\/4"}],"replies":[{"embeddable":true,"href":"https:\/\/jms.com.bo\/mediamonitor\/wp-json\/wp\/v2\/comments?post=64616"}],"version-history":[{"count":1,"href":"https:\/\/jms.com.bo\/mediamonitor\/wp-json\/wp\/v2\/posts\/64616\/revisions"}],"predecessor-version":[{"id":64659,"href":"https:\/\/jms.com.bo\/mediamonitor\/wp-json\/wp\/v2\/posts\/64616\/revisions\/64659"}],"wp:featuredmedia":[{"embeddable":true,"href":"https:\/\/jms.com.bo\/mediamonitor\/wp-json\/wp\/v2\/media\/64660"}],"wp:attachment":[{"href":"https:\/\/jms.com.bo\/mediamonitor\/wp-json\/wp\/v2\/media?parent=64616"}],"wp:term":[{"taxonomy":"category","embeddable":true,"href":"https:\/\/jms.com.bo\/mediamonitor\/wp-json\/wp\/v2\/categories?post=64616"},{"taxonomy":"post_tag","embeddable":true,"href":"https:\/\/jms.com.bo\/mediamonitor\/wp-json\/wp\/v2\/tags?post=64616"}],"curies":[{"name":"wp","href":"https:\/\/api.w.org\/{rel}","templated":true}]}}