{"id":64618,"date":"2024-03-27T06:43:51","date_gmt":"2024-03-27T10:43:51","guid":{"rendered":"https:\/\/jms.com.bo\/mediamonitor\/2024\/03\/27\/acuerdan-fortalecer-produccion-de-amaranto-y-tarwi-en-chuquisaca-con-apoyo-tecnologico-por-bs-4-millones\/"},"modified":"2024-03-27T06:43:51","modified_gmt":"2024-03-27T10:43:51","slug":"acuerdan-fortalecer-produccion-de-amaranto-y-tarwi-en-chuquisaca-con-apoyo-tecnologico-por-bs-4-millones","status":"publish","type":"post","link":"https:\/\/jms.com.bo\/mediamonitor\/2024\/03\/27\/acuerdan-fortalecer-produccion-de-amaranto-y-tarwi-en-chuquisaca-con-apoyo-tecnologico-por-bs-4-millones\/","title":{"rendered":"Acuerdan fortalecer producci\u00f3n de amaranto y tarwi en Chuquisaca con apoyo tecnol\u00f3gico por Bs 4 millones"},"content":{"rendered":"<p style=\"text-align: justify;\">El Ministerio de Desarrollo Rural y Tierras, a trav\u00e9s de la Unidad Ejecutora PROCAMQUI, suscribi\u00f3 este martes convenios con productores de siete municipios de Chuquisaca para fortalecer la producci\u00f3n de amaranto y tarwi.<\/p>\n<p style=\"text-align: justify;\">Como parte del acuerdo se har\u00e1 la transferencia de paquetes productivos tecnol\u00f3gicos por valor de Bs 4 millones, referente a bioinsumos org\u00e1nicos.<\/p>\n<p style=\"text-align: justify;\">\u201cVamos a transferir en especie m\u00e1s de Bs 4.000.000, en beneficio de 663 familias productoras de granos andinos de los municipios de Villa Serrano, Mojocoya, Padilla, Tomina, Villa Alcala, El Villar y Tarabuco\u201d, inform\u00f3 el coordinador nacional de PROCAMQUI, Epifanio Mura\u00f1a.<\/p>\n<p style=\"text-align: justify;\">El objetivo es mejorar la productividad y producci\u00f3n de granos andinos, fortaleciendo la gesti\u00f3n social, el manejo sostenible del suelo, mediante la aplicaci\u00f3n de normativas comunales y transferencia de paquetes productivos tecnol\u00f3gicos.<\/p>\n<p style=\"text-align: justify;\">Por su parte, el ejecutivo provincial de Padilla, Luis Ontiveros, destac\u00f3 el apoyo que se brinda a los peque\u00f1os y medianos productores de Chuquisaca.<\/p>\n<p style=\"text-align: justify;\">\u201cEs muy importante la firma de estos convenios, las familias productoras van a recibir apoyo del Gobierno nacional para potenciar la producci\u00f3n, existe alegr\u00eda porque nuestros productores tambi\u00e9n van a mejorar su econom\u00eda\u201d, enfatiz\u00f3.<\/p>\n","protected":false},"excerpt":{"rendered":"<p>El Ministerio de Desarrollo Rural y Tierras, a trav\u00e9s de la Unidad Ejecutora PROCAMQUI, suscribi\u00f3 este martes convenios con productores de siete municipios de Chuquisaca para fortalecer la producci\u00f3n de amaranto y tarwi. Como parte del acuerdo se har\u00e1 la transferencia de paquetes productivos tecnol\u00f3gicos por valor de Bs 4 millones, referente a bioinsumos org\u00e1nicos. [&hellip;]<\/p>\n","protected":false},"author":4,"featured_media":64619,"comment_status":"open","ping_status":"closed","sticky":false,"template":"","format":"standard","meta":{"footnotes":""},"categories":[52],"tags":[],"class_list":{"0":"post-64618","1":"post","2":"type-post","3":"status-publish","4":"format-standard","5":"has-post-thumbnail","7":"category-alimentos-agroindustria"},"_links":{"self":[{"href":"https:\/\/jms.com.bo\/mediamonitor\/wp-json\/wp\/v2\/posts\/64618","targetHints":{"allow":["GET"]}}],"collection":[{"href":"https:\/\/jms.com.bo\/mediamonitor\/wp-json\/wp\/v2\/posts"}],"about":[{"href":"https:\/\/jms.com.bo\/mediamonitor\/wp-json\/wp\/v2\/types\/post"}],"author":[{"embeddable":true,"href":"https:\/\/jms.com.bo\/mediamonitor\/wp-json\/wp\/v2\/users\/4"}],"replies":[{"embeddable":true,"href":"https:\/\/jms.com.bo\/mediamonitor\/wp-json\/wp\/v2\/comments?post=64618"}],"version-history":[{"count":0,"href":"https:\/\/jms.com.bo\/mediamonitor\/wp-json\/wp\/v2\/posts\/64618\/revisions"}],"wp:featuredmedia":[{"embeddable":true,"href":"https:\/\/jms.com.bo\/mediamonitor\/wp-json\/wp\/v2\/media\/64619"}],"wp:attachment":[{"href":"https:\/\/jms.com.bo\/mediamonitor\/wp-json\/wp\/v2\/media?parent=64618"}],"wp:term":[{"taxonomy":"category","embeddable":true,"href":"https:\/\/jms.com.bo\/mediamonitor\/wp-json\/wp\/v2\/categories?post=64618"},{"taxonomy":"post_tag","embeddable":true,"href":"https:\/\/jms.com.bo\/mediamonitor\/wp-json\/wp\/v2\/tags?post=64618"}],"curies":[{"name":"wp","href":"https:\/\/api.w.org\/{rel}","templated":true}]}}