{"id":64620,"date":"2024-03-27T06:46:01","date_gmt":"2024-03-27T10:46:01","guid":{"rendered":"https:\/\/jms.com.bo\/mediamonitor\/2024\/03\/27\/gremiales-bloquean-y-exigen-seguridad-y-resguardo-policial\/"},"modified":"2024-03-27T06:46:01","modified_gmt":"2024-03-27T10:46:01","slug":"gremiales-bloquean-y-exigen-seguridad-y-resguardo-policial","status":"publish","type":"post","link":"https:\/\/jms.com.bo\/mediamonitor\/2024\/03\/27\/gremiales-bloquean-y-exigen-seguridad-y-resguardo-policial\/","title":{"rendered":"Gremiales bloquean y exigen seguridad y resguardo policial"},"content":{"rendered":"<p style=\"text-align: justify;\">Ante hechos de inseguridad registrados por el centro pace\u00f1o, gremiales del sector del mercado Lanza y sus alrededores realizaron una protesta bloqueando v\u00edas cercanas a la P\u00e9rez Velasco en demanda de mayor presencia policial. Los movilizados sostienen que extranjeros cometen asaltos y fechor\u00edas, por lo que tambi\u00e9n piden presencia de migraci\u00f3n.<\/p>\n<p style=\"text-align: justify;\">\u201cHemos tenido una persona que tal vez va a morir, porque lo han atacado la anterior semana en San Francisco, a un compa\u00f1ero. Ahora, el d\u00eda jueves (21 de marzo) le han atacado a una pareja de la \u00f3ptica ah\u00ed se han entrado con cuchillo en mano \u00bfHasta cu\u00e1ndo vamos a sufrir?, no podemos sufrir, aqu\u00ed nos roban, \u00bfd\u00f3nde est\u00e1 el Gobierno?, porqu\u00f3 no vota a estos se\u00f1ores forasteros, extranjeros cubanos, venezolanos, se aproximan con cuchillo a los jovencitos del colegio y les quitan sus celular, hasta cu\u00e1ndo\u201d, manifest\u00f3 una dirigente del sector.<\/p>\n<p style=\"text-align: justify;\">De acuerdo con los movilizados, ya son varias oportunidades en las que acudieron a las autoridades y Polic\u00eda para denunciar este tipo de hechos, pero no les dan \u201csoluciones duraderas y verdaderas\u201d que les ayuden a tener seguridad tanto para los comerciantes como para la gente que circula por ese sector.<\/p>\n<p style=\"text-align: justify;\">Debido a esa inseguridad y ante la falta de respuesta, \u201cya no hemos aguantado, ahora vamos a quemarlos vivos\u201d, advirti\u00f3 la representante. Sin embargo, antes de llegar a esa dr\u00e1stica medida, exigen una reuni\u00f3n con autoridades de Gobierno.<\/p>\n<p style=\"text-align: justify;\">Luego de protagonizar el bloqueo, el viceministro de Seguridad Ciudadana, Roberto R\u00edos, anunci\u00f3 que entablar\u00e1 di\u00e1logo con las comerciantes del Mercado Lanza para buscar soluciones efectivas.<\/p>\n<p style=\"text-align: justify;\">\u201cVamos a escuchar cu\u00e1les son todas las demandas, las inquietudes, las molestias que tienen y avanzar en la resoluci\u00f3n y mejorando con ellos de manera coordinada las tareas de seguridad\u201d, sostuvo la autoridad gubernamental, antes del encuentro.<\/p>\n<p style=\"text-align: justify;\">Adem\u00e1s, explic\u00f3 que algunos de los delincuentes involucrados en los hechos delictivos relatados por la dirigente ya fueron capturados. \u201cUno de estos, ya guarda detenci\u00f3n preventiva en el penal de San Pedro, otro est\u00e1 a la espera de sus medidas cautelares\u201d, indic\u00f3.<\/p>\n<p style=\"text-align: justify;\">Por otro lado, R\u00edos apunt\u00f3 que la Polic\u00eda Boliviana, el Ministerio de Gobierno y la Direcci\u00f3n General de Migraci\u00f3n realizan operativos de control de forma constante para verificar la situaci\u00f3n legal de migrantes de otros pa\u00edses. Sostuvo que a la fecha se realizaron 218 operativos rutinarios que permitieron intervenir a 236 personas extranjeras que se encontraban en condici\u00f3n irregular en nuestro pa\u00eds.<\/p>\n","protected":false},"excerpt":{"rendered":"<p>Ante hechos de inseguridad registrados por el centro pace\u00f1o, gremiales del sector del mercado Lanza y sus alrededores realizaron una protesta bloqueando v\u00edas cercanas a la P\u00e9rez Velasco en demanda de mayor presencia policial. Los movilizados sostienen que extranjeros cometen asaltos y fechor\u00edas, por lo que tambi\u00e9n piden presencia de migraci\u00f3n. \u201cHemos tenido una persona [&hellip;]<\/p>\n","protected":false},"author":4,"featured_media":64621,"comment_status":"open","ping_status":"closed","sticky":false,"template":"","format":"standard","meta":{"footnotes":""},"categories":[49],"tags":[],"class_list":{"0":"post-64620","1":"post","2":"type-post","3":"status-publish","4":"format-standard","5":"has-post-thumbnail","7":"category-social"},"_links":{"self":[{"href":"https:\/\/jms.com.bo\/mediamonitor\/wp-json\/wp\/v2\/posts\/64620","targetHints":{"allow":["GET"]}}],"collection":[{"href":"https:\/\/jms.com.bo\/mediamonitor\/wp-json\/wp\/v2\/posts"}],"about":[{"href":"https:\/\/jms.com.bo\/mediamonitor\/wp-json\/wp\/v2\/types\/post"}],"author":[{"embeddable":true,"href":"https:\/\/jms.com.bo\/mediamonitor\/wp-json\/wp\/v2\/users\/4"}],"replies":[{"embeddable":true,"href":"https:\/\/jms.com.bo\/mediamonitor\/wp-json\/wp\/v2\/comments?post=64620"}],"version-history":[{"count":0,"href":"https:\/\/jms.com.bo\/mediamonitor\/wp-json\/wp\/v2\/posts\/64620\/revisions"}],"wp:featuredmedia":[{"embeddable":true,"href":"https:\/\/jms.com.bo\/mediamonitor\/wp-json\/wp\/v2\/media\/64621"}],"wp:attachment":[{"href":"https:\/\/jms.com.bo\/mediamonitor\/wp-json\/wp\/v2\/media?parent=64620"}],"wp:term":[{"taxonomy":"category","embeddable":true,"href":"https:\/\/jms.com.bo\/mediamonitor\/wp-json\/wp\/v2\/categories?post=64620"},{"taxonomy":"post_tag","embeddable":true,"href":"https:\/\/jms.com.bo\/mediamonitor\/wp-json\/wp\/v2\/tags?post=64620"}],"curies":[{"name":"wp","href":"https:\/\/api.w.org\/{rel}","templated":true}]}}