{"id":64622,"date":"2024-03-27T06:47:16","date_gmt":"2024-03-27T10:47:16","guid":{"rendered":"https:\/\/jms.com.bo\/mediamonitor\/2024\/03\/27\/pobladores-de-abapo-levantan-bloqueo-tras-acuerdo-con-el-ine\/"},"modified":"2024-03-27T06:47:36","modified_gmt":"2024-03-27T10:47:36","slug":"pobladores-de-abapo-levantan-bloqueo-tras-acuerdo-con-el-ine","status":"publish","type":"post","link":"https:\/\/jms.com.bo\/mediamonitor\/2024\/03\/27\/pobladores-de-abapo-levantan-bloqueo-tras-acuerdo-con-el-ine\/","title":{"rendered":"Pobladores de Abap\u00f3 levantan bloqueo tras acuerdo con el INE"},"content":{"rendered":"<p style=\"text-align: justify;\">Despu\u00e9s de dos d\u00edas de bloqueo de carreteras en Abap\u00f3, Santa Cruz, los pobladores han decidido suspender la medida de protesta tras llegar a un acuerdo con el Instituto Nacional de Estad\u00edstica (INE).<\/p>\n<p style=\"text-align: justify;\">La disputa surgi\u00f3 luego de que los residentes denunciaran que fueron censados incorrectamente como parte del municipio de Guti\u00e9rrez, en lugar de Cabezas, al que realmente pertenecen.<\/p>\n<p style=\"text-align: justify;\">En una reuni\u00f3n con el director del INE, Humberto Arandia, se acord\u00f3 que las boletas censales de Abap\u00f3 ser\u00e1n registradas correctamente como parte del municipio de Cabezas.<\/p>\n<p style=\"text-align: justify;\">Este acuerdo incluye medidas como la entrega de material censal con el c\u00f3digo correspondiente al municipio adecuado, garantizando as\u00ed la representaci\u00f3n adecuada de la comunidad.<\/p>\n<p style=\"text-align: justify;\">El bloqueo, que afectaba significativamente las rutas hacia varias ciudades, ha sido levantado tras la explicaci\u00f3n y el compromiso del INE de corregir la situaci\u00f3n. Mientras tanto, en El Torno, otro sector de protesta, la solicitud de un nuevo censo ha sido descartada, pero los residentes han declarado un cuarto intermedio en sus protestas, buscando a\u00fan una reuni\u00f3n con las autoridades para abordar sus preocupaciones.<\/p>\n<p style=\"text-align: justify;\">\n","protected":false},"excerpt":{"rendered":"<p>Despu\u00e9s de dos d\u00edas de bloqueo de carreteras en Abap\u00f3, Santa Cruz, los pobladores han decidido suspender la medida de protesta tras llegar a un acuerdo con el Instituto Nacional de Estad\u00edstica (INE). La disputa surgi\u00f3 luego de que los residentes denunciaran que fueron censados incorrectamente como parte del municipio de Guti\u00e9rrez, en lugar de [&hellip;]<\/p>\n","protected":false},"author":4,"featured_media":64623,"comment_status":"open","ping_status":"closed","sticky":false,"template":"","format":"standard","meta":{"footnotes":""},"categories":[49],"tags":[],"class_list":{"0":"post-64622","1":"post","2":"type-post","3":"status-publish","4":"format-standard","5":"has-post-thumbnail","7":"category-social"},"_links":{"self":[{"href":"https:\/\/jms.com.bo\/mediamonitor\/wp-json\/wp\/v2\/posts\/64622","targetHints":{"allow":["GET"]}}],"collection":[{"href":"https:\/\/jms.com.bo\/mediamonitor\/wp-json\/wp\/v2\/posts"}],"about":[{"href":"https:\/\/jms.com.bo\/mediamonitor\/wp-json\/wp\/v2\/types\/post"}],"author":[{"embeddable":true,"href":"https:\/\/jms.com.bo\/mediamonitor\/wp-json\/wp\/v2\/users\/4"}],"replies":[{"embeddable":true,"href":"https:\/\/jms.com.bo\/mediamonitor\/wp-json\/wp\/v2\/comments?post=64622"}],"version-history":[{"count":1,"href":"https:\/\/jms.com.bo\/mediamonitor\/wp-json\/wp\/v2\/posts\/64622\/revisions"}],"predecessor-version":[{"id":64624,"href":"https:\/\/jms.com.bo\/mediamonitor\/wp-json\/wp\/v2\/posts\/64622\/revisions\/64624"}],"wp:featuredmedia":[{"embeddable":true,"href":"https:\/\/jms.com.bo\/mediamonitor\/wp-json\/wp\/v2\/media\/64623"}],"wp:attachment":[{"href":"https:\/\/jms.com.bo\/mediamonitor\/wp-json\/wp\/v2\/media?parent=64622"}],"wp:term":[{"taxonomy":"category","embeddable":true,"href":"https:\/\/jms.com.bo\/mediamonitor\/wp-json\/wp\/v2\/categories?post=64622"},{"taxonomy":"post_tag","embeddable":true,"href":"https:\/\/jms.com.bo\/mediamonitor\/wp-json\/wp\/v2\/tags?post=64622"}],"curies":[{"name":"wp","href":"https:\/\/api.w.org\/{rel}","templated":true}]}}