{"id":64627,"date":"2024-03-27T06:50:11","date_gmt":"2024-03-27T10:50:11","guid":{"rendered":"https:\/\/jms.com.bo\/mediamonitor\/2024\/03\/27\/gobierno-logra-licencia-y-reinicia-obras-de-la-linea-amarilla-del-tren-metropolitano-en-cochabamba\/"},"modified":"2024-03-27T06:50:11","modified_gmt":"2024-03-27T10:50:11","slug":"gobierno-logra-licencia-y-reinicia-obras-de-la-linea-amarilla-del-tren-metropolitano-en-cochabamba","status":"publish","type":"post","link":"https:\/\/jms.com.bo\/mediamonitor\/2024\/03\/27\/gobierno-logra-licencia-y-reinicia-obras-de-la-linea-amarilla-del-tren-metropolitano-en-cochabamba\/","title":{"rendered":"Gobierno logra licencia y reinicia obras de la l\u00ednea amarilla del Tren Metropolitano en Cochabamba"},"content":{"rendered":"<p style=\"text-align: justify;\">El Gobierno nacional reinici\u00f3 obras en la l\u00ednea amarilla del Tren Metropolitano de Cochabamba, tras obtener la licencia ambiental de la gobernaci\u00f3n, inform\u00f3 el ministro de Obras P\u00fablicas, Edgar Monta\u00f1o.<\/p>\n<p style=\"text-align: justify;\">\u201cSon 5,7 kil\u00f3metros de longitud, estamos invirtiendo m\u00e1s de Bs 383 millones, por tanto, hemos instruido a la empresa contratista que desde ma\u00f1ana reinicie sus operaciones\u201d, explic\u00f3.<\/p>\n<p style=\"text-align: justify;\">La l\u00ednea amarilla parte desde la avenida Sajama hasta Albarancho, tendr\u00e1 un paso a desnivel por debajo del aeropuerto, un puente y una conexi\u00f3n con la nueva terminal terrestre.<\/p>\n<p style=\"text-align: justify;\">Fue redise\u00f1ada hacia el Distrito 6, el Distrito 4, la OTB Quilman, la OTB Judicial, la OTB Imba Grande, Distrito 9 (Maica Chica, Maica Sud); OTB Fabril Militar; Manco Munidad Para\u00edso y Manco Munidad 1 de Mayo.<\/p>\n<p style=\"text-align: justify;\">\u201cLamentamos que casi por ocho meses nos hayan paralizado el proyecto debido a la falta de la licencia ambiental, pero siempre tuvimos la raz\u00f3n y por eso ahora se viabiliza la obra\u201d, asegur\u00f3.<\/p>\n","protected":false},"excerpt":{"rendered":"<p>El Gobierno nacional reinici\u00f3 obras en la l\u00ednea amarilla del Tren Metropolitano de Cochabamba, tras obtener la licencia ambiental de la gobernaci\u00f3n, inform\u00f3 el ministro de Obras P\u00fablicas, Edgar Monta\u00f1o. \u201cSon 5,7 kil\u00f3metros de longitud, estamos invirtiendo m\u00e1s de Bs 383 millones, por tanto, hemos instruido a la empresa contratista que desde ma\u00f1ana reinicie sus [&hellip;]<\/p>\n","protected":false},"author":4,"featured_media":64628,"comment_status":"open","ping_status":"closed","sticky":false,"template":"","format":"standard","meta":{"footnotes":""},"categories":[20],"tags":[],"class_list":{"0":"post-64627","1":"post","2":"type-post","3":"status-publish","4":"format-standard","5":"has-post-thumbnail","7":"category-actualidad"},"_links":{"self":[{"href":"https:\/\/jms.com.bo\/mediamonitor\/wp-json\/wp\/v2\/posts\/64627","targetHints":{"allow":["GET"]}}],"collection":[{"href":"https:\/\/jms.com.bo\/mediamonitor\/wp-json\/wp\/v2\/posts"}],"about":[{"href":"https:\/\/jms.com.bo\/mediamonitor\/wp-json\/wp\/v2\/types\/post"}],"author":[{"embeddable":true,"href":"https:\/\/jms.com.bo\/mediamonitor\/wp-json\/wp\/v2\/users\/4"}],"replies":[{"embeddable":true,"href":"https:\/\/jms.com.bo\/mediamonitor\/wp-json\/wp\/v2\/comments?post=64627"}],"version-history":[{"count":0,"href":"https:\/\/jms.com.bo\/mediamonitor\/wp-json\/wp\/v2\/posts\/64627\/revisions"}],"wp:featuredmedia":[{"embeddable":true,"href":"https:\/\/jms.com.bo\/mediamonitor\/wp-json\/wp\/v2\/media\/64628"}],"wp:attachment":[{"href":"https:\/\/jms.com.bo\/mediamonitor\/wp-json\/wp\/v2\/media?parent=64627"}],"wp:term":[{"taxonomy":"category","embeddable":true,"href":"https:\/\/jms.com.bo\/mediamonitor\/wp-json\/wp\/v2\/categories?post=64627"},{"taxonomy":"post_tag","embeddable":true,"href":"https:\/\/jms.com.bo\/mediamonitor\/wp-json\/wp\/v2\/tags?post=64627"}],"curies":[{"name":"wp","href":"https:\/\/api.w.org\/{rel}","templated":true}]}}