{"id":64633,"date":"2024-03-27T06:53:50","date_gmt":"2024-03-27T10:53:50","guid":{"rendered":"https:\/\/jms.com.bo\/mediamonitor\/2024\/03\/27\/sin-reformas-en-la-justicia-los-problemas-subsistiran\/"},"modified":"2024-03-27T06:53:50","modified_gmt":"2024-03-27T10:53:50","slug":"sin-reformas-en-la-justicia-los-problemas-subsistiran","status":"publish","type":"post","link":"https:\/\/jms.com.bo\/mediamonitor\/2024\/03\/27\/sin-reformas-en-la-justicia-los-problemas-subsistiran\/","title":{"rendered":"Sin reformas en la Justicia los problemas subsistir\u00e1n"},"content":{"rendered":"<p style=\"text-align: justify;\">Luego de presentarse el anteproyecto de Ley de Protecci\u00f3n Reforzada para Infantes, Ni\u00f1as, Ni\u00f1os y Adolescentes, normativa que plantea endurecer penas para delitos contra la ni\u00f1ez, el expresidente, Eduardo Rodr\u00edguez Veltz\u00e9, sostuvo que sin una reforma estructural en el sistema de Justicia boliviano, los problemas subsistir\u00e1n.<\/p>\n<p style=\"text-align: justify;\">Se\u00f1alando que el endurecimiento de penas \u201cno es la \u00fanica forma\u201d de luchar contra la violencia que afecta a ni\u00f1os en territorio nacional, el exmandatario sostuvo que el pa\u00eds necesita de una \u201cPol\u00edtica Criminal\u201d con la que se trabaje en la prevenci\u00f3n y sanci\u00f3n de los delitos, se atienda las necesidades de las v\u00edctimas y tambi\u00e9n se rehabilite a los privados de libertad.<\/p>\n<p style=\"text-align: justify;\">Desde sus redes sociales, Rodr\u00edguez se\u00f1al\u00f3 que mientras no se trabaje en una verdadera \u201creforma estructural del Sistema Judicial, subsistir\u00e1n los problemas\u201d.<\/p>\n<p style=\"text-align: justify;\">Ayer, en un acto realizado en Casa Grande del Pueblo, el presidente del Estado, Luis Arce Catacora, entreg\u00f3 al vicepresidente del Estado, David Choquehuanca, en su calidad de Presidente Nato de la ALP, el anteproyecto de Ley de Protecci\u00f3n Reforzada para Infantes, Ni\u00f1as, Ni\u00f1os y Adolescentes.<\/p>\n<p style=\"text-align: justify;\">Se anunci\u00f3 que el proyecto de normativa busca dar respuesta a los recientes cr\u00edmenes perpetrados por padres contra sus propios hijos. \u201cA nuestros ni\u00f1os y ni\u00f1as no se los toca hermanos y hermanas\u201d, afirm\u00f3 Arce, se\u00f1alando que su gobierno considera prioritario reforzar las medidas para proteger a este sector de la poblaci\u00f3n.<\/p>\n<p style=\"text-align: justify;\">Con la propuesta tambi\u00e9n se busca restablecer la ley de imprescriptibilidad de los delitos sexuales contra menores, ante cifras alarmantes reveladas por la Fiscal\u00eda General del Estado, mismas que fueron citadas por el Primer Mandatario.<\/p>\n<p style=\"text-align: justify;\">Seg\u00fan explic\u00f3 que este anteproyecto modifica seis art\u00edculos del C\u00f3digo Penal que abordan la prescripci\u00f3n de la acci\u00f3n, los plazos para la prescripci\u00f3n de la pena, el encubrimiento, la violaci\u00f3n, la violaci\u00f3n de menores y el abuso sexual. Asimismo, se incorpora un art\u00edculo sobre violaci\u00f3n incestuosa.<\/p>\n","protected":false},"excerpt":{"rendered":"<p>Luego de presentarse el anteproyecto de Ley de Protecci\u00f3n Reforzada para Infantes, Ni\u00f1as, Ni\u00f1os y Adolescentes, normativa que plantea endurecer penas para delitos contra la ni\u00f1ez, el expresidente, Eduardo Rodr\u00edguez Veltz\u00e9, sostuvo que sin una reforma estructural en el sistema de Justicia boliviano, los problemas subsistir\u00e1n. Se\u00f1alando que el endurecimiento de penas \u201cno es la [&hellip;]<\/p>\n","protected":false},"author":4,"featured_media":64634,"comment_status":"open","ping_status":"closed","sticky":false,"template":"","format":"standard","meta":{"footnotes":""},"categories":[18],"tags":[],"class_list":{"0":"post-64633","1":"post","2":"type-post","3":"status-publish","4":"format-standard","5":"has-post-thumbnail","7":"category-politica"},"_links":{"self":[{"href":"https:\/\/jms.com.bo\/mediamonitor\/wp-json\/wp\/v2\/posts\/64633","targetHints":{"allow":["GET"]}}],"collection":[{"href":"https:\/\/jms.com.bo\/mediamonitor\/wp-json\/wp\/v2\/posts"}],"about":[{"href":"https:\/\/jms.com.bo\/mediamonitor\/wp-json\/wp\/v2\/types\/post"}],"author":[{"embeddable":true,"href":"https:\/\/jms.com.bo\/mediamonitor\/wp-json\/wp\/v2\/users\/4"}],"replies":[{"embeddable":true,"href":"https:\/\/jms.com.bo\/mediamonitor\/wp-json\/wp\/v2\/comments?post=64633"}],"version-history":[{"count":0,"href":"https:\/\/jms.com.bo\/mediamonitor\/wp-json\/wp\/v2\/posts\/64633\/revisions"}],"wp:featuredmedia":[{"embeddable":true,"href":"https:\/\/jms.com.bo\/mediamonitor\/wp-json\/wp\/v2\/media\/64634"}],"wp:attachment":[{"href":"https:\/\/jms.com.bo\/mediamonitor\/wp-json\/wp\/v2\/media?parent=64633"}],"wp:term":[{"taxonomy":"category","embeddable":true,"href":"https:\/\/jms.com.bo\/mediamonitor\/wp-json\/wp\/v2\/categories?post=64633"},{"taxonomy":"post_tag","embeddable":true,"href":"https:\/\/jms.com.bo\/mediamonitor\/wp-json\/wp\/v2\/tags?post=64633"}],"curies":[{"name":"wp","href":"https:\/\/api.w.org\/{rel}","templated":true}]}}