{"id":64635,"date":"2024-03-27T06:55:05","date_gmt":"2024-03-27T10:55:05","guid":{"rendered":"https:\/\/jms.com.bo\/mediamonitor\/2024\/03\/27\/evistas-y-arcistas-celebraran-el-29-aniversario-del-mas-por-separado\/"},"modified":"2024-03-27T06:55:05","modified_gmt":"2024-03-27T10:55:05","slug":"evistas-y-arcistas-celebraran-el-29-aniversario-del-mas-por-separado","status":"publish","type":"post","link":"https:\/\/jms.com.bo\/mediamonitor\/2024\/03\/27\/evistas-y-arcistas-celebraran-el-29-aniversario-del-mas-por-separado\/","title":{"rendered":"Evistas y arcistas celebrar\u00e1n el 29 aniversario del MAS por separado"},"content":{"rendered":"<p style=\"text-align: justify;\">El Movimiento al Socialismo (MAS) celebrar\u00e1 su 29 aniversario de su fundaci\u00f3n en medio de una crisis interna que surgi\u00f3 por los liderazgos que representan el exmandatario Evo Morales y el presidente Luis Arce. Dos eventos est\u00e1n programados por separado para el 28 y 30 de este mes, en La Paz y Santa Cruz.<\/p>\n<p style=\"text-align: justify;\">Esta crisis tambi\u00e9n alcanz\u00f3 a la estructura legislativa, pues la Asamblea Legislativa vio fracturada la bancada por los bloques arcista y evista. Pasa lo mismo en las organizaciones del Pacto de Unidad, considerado el sost\u00e9n pol\u00edtico y social del MAS.<\/p>\n<p style=\"text-align: justify;\">La semana pasada, el Pacto de Unidad del bloque arcista convoc\u00f3 para el jueves 28 a la militancia del MAS a celebrar en unidad el aniversario del instrumento pol\u00edtico en la plaza San Francisco, en La Paz.<\/p>\n<p style=\"text-align: justify;\">La invitaci\u00f3n fue emitida por ejecutivos de la Confederaci\u00f3n Sindical de Comunidades Interculturales de Bolivia (CSCIB), la Confederaci\u00f3n Sindical \u00danica de Trabajadores Campesinos de Bolivia (CSUTCB) y la Confederaci\u00f3n Nacional de Mujeres Campesinas Ind\u00edgenas Originarias de Bolivia \u201cBartolina Sisa\u201d, organizaciones sociales fundadoras del instrumento pol\u00edtico.<\/p>\n<p style=\"text-align: justify;\">\u201cHemos escuchado la invitaci\u00f3n que nos han hecho las organizaciones sociales, porque en realidad es una reivindicaci\u00f3n de ellas, de la propiedad que tienen sobre el Instrumento Pol\u00edtico, los due\u00f1os del Instrumento Pol\u00edtico son las organizaciones sociales\u201d, se\u00f1al\u00f3 el mandatario.<\/p>\n<p style=\"text-align: justify;\">En tanto, el bloque evista tambi\u00e9n convoc\u00f3 a la celebraci\u00f3n del MAS para el s\u00e1bado 30 en el municipio de Yapacan\u00ed, Santa Cruz.<\/p>\n<p style=\"text-align: justify;\">\u201cToda la militancia revolucionaria y comprometida est\u00e1 convocada a celebrar el 29 aniversario del MAS-IPSP que se realizar\u00e1 este 30 de marzo en el Estadio Municipal de Yapacani, Santa Cruz\u201d, se\u00f1ala la convocatoria del evismo.<\/p>\n<p style=\"text-align: justify;\">El presidente de la Comisi\u00f3n de Justicia Plural de la C\u00e1mara de Diputados, Froil\u00e1n Mamani (MAS), calific\u00f3 de \u201cjodida\u201d la situaci\u00f3n por los dos festejos del aniversario del partido de Gobierno. Pidi\u00f3 a la militancia reflexionar y no perjudicar a la gesti\u00f3n del Gobierno.<\/p>\n<p style=\"text-align: justify;\">\u201cJodido, el instrumento pol\u00edtico realmente est\u00e1 dividido con las pugnas y peleas internas que perjudican, no solo al instrumento, sino al desarrollo del pa\u00eds. Eso realmente molesta y esperamos que el festejo sea uno\u201d, se\u00f1al\u00f3 el legislador.<\/p>\n<p style=\"text-align: justify;\">Ren\u00e1n Cabezas, diputado del bloque evista, se\u00f1al\u00f3 que el festejo organizado por los arcistas en La Paz contar\u00e1 \u201c\u00fanicamente\u201d con la presencia de funcionarios disfrazados de militantes, al contrario del acto que se realizar\u00e1 en Yapacan\u00ed.<\/p>\n<p style=\"text-align: justify;\">\u201cVa a ser una fiesta con tal de eliminar la revoluci\u00f3n democr\u00e1tica cultural, quieren proscribir el Estado Plurinacional. (En Yapacan\u00ed) es una fiesta democr\u00e1tica y vamos a celebrar los glorioso casi 14 a\u00f1os del gobierno Evo Morales\u201d, dijo Cabezas.<\/p>\n","protected":false},"excerpt":{"rendered":"<p>El Movimiento al Socialismo (MAS) celebrar\u00e1 su 29 aniversario de su fundaci\u00f3n en medio de una crisis interna que surgi\u00f3 por los liderazgos que representan el exmandatario Evo Morales y el presidente Luis Arce. Dos eventos est\u00e1n programados por separado para el 28 y 30 de este mes, en La Paz y Santa Cruz. Esta [&hellip;]<\/p>\n","protected":false},"author":4,"featured_media":64636,"comment_status":"open","ping_status":"closed","sticky":false,"template":"","format":"standard","meta":{"footnotes":""},"categories":[18],"tags":[],"class_list":{"0":"post-64635","1":"post","2":"type-post","3":"status-publish","4":"format-standard","5":"has-post-thumbnail","7":"category-politica"},"_links":{"self":[{"href":"https:\/\/jms.com.bo\/mediamonitor\/wp-json\/wp\/v2\/posts\/64635","targetHints":{"allow":["GET"]}}],"collection":[{"href":"https:\/\/jms.com.bo\/mediamonitor\/wp-json\/wp\/v2\/posts"}],"about":[{"href":"https:\/\/jms.com.bo\/mediamonitor\/wp-json\/wp\/v2\/types\/post"}],"author":[{"embeddable":true,"href":"https:\/\/jms.com.bo\/mediamonitor\/wp-json\/wp\/v2\/users\/4"}],"replies":[{"embeddable":true,"href":"https:\/\/jms.com.bo\/mediamonitor\/wp-json\/wp\/v2\/comments?post=64635"}],"version-history":[{"count":0,"href":"https:\/\/jms.com.bo\/mediamonitor\/wp-json\/wp\/v2\/posts\/64635\/revisions"}],"wp:featuredmedia":[{"embeddable":true,"href":"https:\/\/jms.com.bo\/mediamonitor\/wp-json\/wp\/v2\/media\/64636"}],"wp:attachment":[{"href":"https:\/\/jms.com.bo\/mediamonitor\/wp-json\/wp\/v2\/media?parent=64635"}],"wp:term":[{"taxonomy":"category","embeddable":true,"href":"https:\/\/jms.com.bo\/mediamonitor\/wp-json\/wp\/v2\/categories?post=64635"},{"taxonomy":"post_tag","embeddable":true,"href":"https:\/\/jms.com.bo\/mediamonitor\/wp-json\/wp\/v2\/tags?post=64635"}],"curies":[{"name":"wp","href":"https:\/\/api.w.org\/{rel}","templated":true}]}}