{"id":64643,"date":"2024-03-27T07:01:52","date_gmt":"2024-03-27T11:01:52","guid":{"rendered":"https:\/\/jms.com.bo\/mediamonitor\/2024\/03\/27\/fernando-romero-seguira-como-presidente-de-los-soyeros-de-santa-cruz\/"},"modified":"2024-03-27T07:01:52","modified_gmt":"2024-03-27T11:01:52","slug":"fernando-romero-seguira-como-presidente-de-los-soyeros-de-santa-cruz","status":"publish","type":"post","link":"https:\/\/jms.com.bo\/mediamonitor\/2024\/03\/27\/fernando-romero-seguira-como-presidente-de-los-soyeros-de-santa-cruz\/","title":{"rendered":"Fernando Romero seguir\u00e1 como presidente de los soyeros de Santa Cruz"},"content":{"rendered":"<p style=\"text-align: justify;\">La Asociaci\u00f3n de Productores de Oleaginosas y Trigo (Anapo) inform\u00f3 que Fernando Romero, actual titular de la entidad soyera fue ratificado en su cargo, para el periodo 2024-2025.<\/p>\n<p style=\"text-align: justify;\">Anapo va rumbo a cumplir 50 a\u00f1os de existencia y en este contexto, la asamblea ordinaria tambi\u00e9n marc\u00f3 la renovaci\u00f3n de cuatro puestos en el directorio. Se trata de: Epifanio Zurita, Andr\u00e9 Ronald Larsen, Xiomara Ichazo y Gary Farell, con sus respectivos suplentes: Juan Manuel Guerra, Ricardo Miranda, Abraham Nogales y Alejandro Rea, quienes se suman a los directores ratificados.<\/p>\n<p style=\"text-align: justify;\">Junto a la reelecci\u00f3n del presidente Romero, los representantes de los productores de granos de santa Cruz ratificaron a su directiva, compuesta por Richard Paz en la vicepresidencia, Gary Farell en Tesorer\u00eda y Adam M\u00e9rida como secretario.<\/p>\n<p style=\"text-align: justify;\">En su mensaje, Romero reiter\u00f3 el compromiso de la asociaci\u00f3n con la sostenibilidad y la innovaci\u00f3n. \u00abNuestra reelecci\u00f3n es un voto de confianza en la direcci\u00f3n que hemos tomado y un mandato claro para continuar con nuestro trabajo. En este 50 aniversario, nos comprometemos a redoblar esfuerzos para enfrentar los retos actuales, buscando siempre el bienestar de nuestros productores y la soberan\u00eda alimentaria de Bolivia\u00bb, enfatiz\u00f3.<\/p>\n<p style=\"text-align: justify;\">La decisi\u00f3n de mantener la actual presidencia en Anapo en un a\u00f1o tan simb\u00f3lico, \u00abdemuestra la solidez y la visi\u00f3n a largo plazo de la asociaci\u00f3n, consolid\u00e1ndola como un referente gremial para la defensa de los intereses de los productores de alimentos en Bolivia\u00bb, hicieron notar desde la instituci\u00f3n.<\/p>\n","protected":false},"excerpt":{"rendered":"<p>La Asociaci\u00f3n de Productores de Oleaginosas y Trigo (Anapo) inform\u00f3 que Fernando Romero, actual titular de la entidad soyera fue ratificado en su cargo, para el periodo 2024-2025. Anapo va rumbo a cumplir 50 a\u00f1os de existencia y en este contexto, la asamblea ordinaria tambi\u00e9n marc\u00f3 la renovaci\u00f3n de cuatro puestos en el directorio. Se [&hellip;]<\/p>\n","protected":false},"author":4,"featured_media":64644,"comment_status":"open","ping_status":"closed","sticky":false,"template":"","format":"standard","meta":{"footnotes":""},"categories":[25],"tags":[],"class_list":{"0":"post-64643","1":"post","2":"type-post","3":"status-publish","4":"format-standard","5":"has-post-thumbnail","7":"category-economia"},"_links":{"self":[{"href":"https:\/\/jms.com.bo\/mediamonitor\/wp-json\/wp\/v2\/posts\/64643","targetHints":{"allow":["GET"]}}],"collection":[{"href":"https:\/\/jms.com.bo\/mediamonitor\/wp-json\/wp\/v2\/posts"}],"about":[{"href":"https:\/\/jms.com.bo\/mediamonitor\/wp-json\/wp\/v2\/types\/post"}],"author":[{"embeddable":true,"href":"https:\/\/jms.com.bo\/mediamonitor\/wp-json\/wp\/v2\/users\/4"}],"replies":[{"embeddable":true,"href":"https:\/\/jms.com.bo\/mediamonitor\/wp-json\/wp\/v2\/comments?post=64643"}],"version-history":[{"count":0,"href":"https:\/\/jms.com.bo\/mediamonitor\/wp-json\/wp\/v2\/posts\/64643\/revisions"}],"wp:featuredmedia":[{"embeddable":true,"href":"https:\/\/jms.com.bo\/mediamonitor\/wp-json\/wp\/v2\/media\/64644"}],"wp:attachment":[{"href":"https:\/\/jms.com.bo\/mediamonitor\/wp-json\/wp\/v2\/media?parent=64643"}],"wp:term":[{"taxonomy":"category","embeddable":true,"href":"https:\/\/jms.com.bo\/mediamonitor\/wp-json\/wp\/v2\/categories?post=64643"},{"taxonomy":"post_tag","embeddable":true,"href":"https:\/\/jms.com.bo\/mediamonitor\/wp-json\/wp\/v2\/tags?post=64643"}],"curies":[{"name":"wp","href":"https:\/\/api.w.org\/{rel}","templated":true}]}}