{"id":64655,"date":"2024-03-27T07:11:26","date_gmt":"2024-03-27T11:11:26","guid":{"rendered":"https:\/\/jms.com.bo\/mediamonitor\/2024\/03\/27\/construccion-de-segunda-planta-de-biodiesel-concluira-en-noviembre-y-elevara-la-produccion-de-biocombustibles\/"},"modified":"2024-03-27T07:11:26","modified_gmt":"2024-03-27T11:11:26","slug":"construccion-de-segunda-planta-de-biodiesel-concluira-en-noviembre-y-elevara-la-produccion-de-biocombustibles","status":"publish","type":"post","link":"https:\/\/jms.com.bo\/mediamonitor\/2024\/03\/27\/construccion-de-segunda-planta-de-biodiesel-concluira-en-noviembre-y-elevara-la-produccion-de-biocombustibles\/","title":{"rendered":"Construcci\u00f3n de segunda Planta de Biodi\u00e9sel concluir\u00e1 en noviembre y elevar\u00e1 la producci\u00f3n de biocombustibles"},"content":{"rendered":"<p style=\"text-align: justify;\">En noviembre del presente a\u00f1o concluir\u00e1 la construcci\u00f3n de la Segunda Planta de Biodi\u00e9sel en El Alto (La Paz). Con esta factor\u00eda y la primera inaugurada este martes en Santa Cruz, Bolivia aumentar\u00e1 la producci\u00f3n de biocombustibles, seg\u00fan YPFB.<\/p>\n<p style=\"text-align: justify;\">\u201cPara fin de a\u00f1o, para noviembre, vamos a tener nuestra planta en Senkata, en La Paz. Y de esta manera vamos a incrementar la producci\u00f3n de biocombustibles en el pa\u00eds\u201d, inform\u00f3 este martes el presidente de Yacimientos Petrol\u00edferos Fiscales Bolivianos (YPFB), Armin Dorgathen, en la entrega de la Primera Planta de Biodi\u00e9sel, situada en predios de la Refiner\u00eda Guillermo Elder Bell, en Santa Cruz.<\/p>\n<p style=\"text-align: justify;\">En la oportunidad, destac\u00f3 que, con estas dos importantes factor\u00edas, el pa\u00eds producir\u00e1 un combustible amigable con el medio ambiente y ayudar\u00e1 a disminuir la emisi\u00f3n de di\u00f3xido de carbono.<\/p>\n<p style=\"text-align: justify;\">\u201cEstamos viendo los problemas que tenemos en la ciudad de La Paz, las riadas, las inundaciones, vivimos sequ\u00edas y todo esto se debe al cambio clim\u00e1tico y con los biocombustibles hacemos un cambio, podemos disminuir el efecto de los gases invernaderos\u201d, se\u00f1al\u00f3.<\/p>\n<p style=\"text-align: justify;\">La construcci\u00f3n de la Segunda Planta de Biodiesel \u201cH\u00e9roes de Senkata\u201d, en el Distrito 8 de El Alto, inici\u00f3 el 6 de marzo de 2023, con una inversi\u00f3n de Bs 278,4 millones. Generar\u00e1 500 empleos directos y 860 indirectos.<\/p>\n<p style=\"text-align: justify;\">La factor\u00eda, cuya entidad ejecutora es YPFB Refinaci\u00f3n, tambi\u00e9n producir\u00e1 productos derivados del aceite vegetal, como la glicerina, un elemento esencial para la industria cosm\u00e9tica y farmac\u00e9utica, de acuerdo con los datos oficiales.<\/p>\n","protected":false},"excerpt":{"rendered":"<p>En noviembre del presente a\u00f1o concluir\u00e1 la construcci\u00f3n de la Segunda Planta de Biodi\u00e9sel en El Alto (La Paz). Con esta factor\u00eda y la primera inaugurada este martes en Santa Cruz, Bolivia aumentar\u00e1 la producci\u00f3n de biocombustibles, seg\u00fan YPFB. \u201cPara fin de a\u00f1o, para noviembre, vamos a tener nuestra planta en Senkata, en La Paz. [&hellip;]<\/p>\n","protected":false},"author":4,"featured_media":64656,"comment_status":"open","ping_status":"closed","sticky":false,"template":"","format":"standard","meta":{"footnotes":""},"categories":[40,23],"tags":[],"class_list":{"0":"post-64655","1":"post","2":"type-post","3":"status-publish","4":"format-standard","5":"has-post-thumbnail","7":"category-bolivia","8":"category-hidrocarburos"},"_links":{"self":[{"href":"https:\/\/jms.com.bo\/mediamonitor\/wp-json\/wp\/v2\/posts\/64655","targetHints":{"allow":["GET"]}}],"collection":[{"href":"https:\/\/jms.com.bo\/mediamonitor\/wp-json\/wp\/v2\/posts"}],"about":[{"href":"https:\/\/jms.com.bo\/mediamonitor\/wp-json\/wp\/v2\/types\/post"}],"author":[{"embeddable":true,"href":"https:\/\/jms.com.bo\/mediamonitor\/wp-json\/wp\/v2\/users\/4"}],"replies":[{"embeddable":true,"href":"https:\/\/jms.com.bo\/mediamonitor\/wp-json\/wp\/v2\/comments?post=64655"}],"version-history":[{"count":0,"href":"https:\/\/jms.com.bo\/mediamonitor\/wp-json\/wp\/v2\/posts\/64655\/revisions"}],"wp:featuredmedia":[{"embeddable":true,"href":"https:\/\/jms.com.bo\/mediamonitor\/wp-json\/wp\/v2\/media\/64656"}],"wp:attachment":[{"href":"https:\/\/jms.com.bo\/mediamonitor\/wp-json\/wp\/v2\/media?parent=64655"}],"wp:term":[{"taxonomy":"category","embeddable":true,"href":"https:\/\/jms.com.bo\/mediamonitor\/wp-json\/wp\/v2\/categories?post=64655"},{"taxonomy":"post_tag","embeddable":true,"href":"https:\/\/jms.com.bo\/mediamonitor\/wp-json\/wp\/v2\/tags?post=64655"}],"curies":[{"name":"wp","href":"https:\/\/api.w.org\/{rel}","templated":true}]}}